{"id":45610,"date":"2024-12-10T00:06:37","date_gmt":"2024-12-10T06:06:37","guid":{"rendered":"https:\/\/noticiasveracruz.com\/?p=45610"},"modified":"2024-12-09T18:39:15","modified_gmt":"2024-12-10T00:39:15","slug":"israel-ataca-depositos-de-armas-quimicas-en-siria","status":"publish","type":"post","link":"https:\/\/noticiasveracruz.com\/index.php\/2024\/12\/10\/israel-ataca-depositos-de-armas-quimicas-en-siria\/","title":{"rendered":"Israel ataca dep\u00f3sitos de armas qu\u00edmicas en Siria"},"content":{"rendered":"<p><span style=\"font-size: 14pt;\">Israel\u00a0atac\u00f3 dep\u00f3sitos de\u00a0armas qu\u00edmicas\u00a0en Siria, donde\u00a0las fuerzas rebeldes derrocaron al presidente\u00a0Bashar al Asad\u00a0el fin de semana, declar\u00f3 el lunes el ministro israel\u00ed de Relaciones Exteriores.<\/span><\/p>\n<p><span style=\"font-size: 14pt;\">En una conferencia de prensa,\u00a0Gideon Saar\u00a0dijo que atacaron \u00absistemas de armas estrat\u00e9gicas\u00a0como por ejemplo, las armas\u00a0qu\u00edmicas\u00a0restantes\u00a0o\u00a0misiles y cohetes de largo alcance\u00a0para que\u00a0no caigan en manos de extremistas\u00bb.<\/span><\/p>\n<p><span style=\"font-size: 14pt;\">\u00abLos que controlan (&#8230;) Damasco\u00bb en la actualidad se mueven por \u00abuna ideolog\u00eda extrema del islam radical\u00bb, a\u00f1adi\u00f3.<\/span><\/p>\n<p><span style=\"font-size: 14pt;\">La cadena de televisi\u00f3n israel\u00ed 12 report\u00f3 el viernes, citando \u00abinformaciones de la prensa extranjera\u00bb para eludir la\u00a0censura militar, que el\u00a0ej\u00e9rcito israel\u00ed\u00a0hab\u00eda\u00a0golpeado\u00a0\u00abrecientemente un dep\u00f3sito sirio secreto de armas qu\u00edmicas\u00bb.<\/span><\/p>\n<p><span style=\"font-size: 14pt;\">Para\u00a0justificar\u00a0\u00ablas\u00a0medidas\u00a0(&#8230;) tomadas\u00bb por\u00a0Israel\u00a0en los \u00faltimos d\u00edas, Saar insisti\u00f3 en que \u00abla \u00fanica cosa que nos interesa es la seguridad de Israel y de sus ciudadanos\u00bb.<\/span><\/p>\n","protected":false},"excerpt":{"rendered":"<p>Israel\u00a0atac\u00f3 dep\u00f3sitos de\u00a0armas qu\u00edmicas\u00a0en Siria, donde\u00a0las fuerzas rebeldes derrocaron al presidente\u00a0Bashar al Asad\u00a0el fin de semana, declar\u00f3 el lunes el ministro israel\u00ed de Relaciones Exteriores. En una conferencia de prensa,\u00a0Gideon Saar\u00a0dijo que atacaron \u00absistemas de armas estrat\u00e9gicas\u00a0como por ejemplo, las armas\u00a0qu\u00edmicas\u00a0restantes\u00a0o\u00a0misiles y cohetes de largo alcance\u00a0para que\u00a0no caigan en manos de extremistas\u00bb. \u00abLos que controlan [&hellip;]<\/p>\n","protected":false},"author":4,"featured_media":45611,"comment_status":"closed","ping_status":"closed","sticky":false,"template":"","format":"standard","meta":{"_jetpack_newsletter_access":"","_jetpack_dont_email_post_to_subs":false,"_jetpack_newsletter_tier_id":0,"_jetpack_memberships_contains_paywalled_content":false,"_jetpack_feature_clip_id":0,"_jetpack_memberships_contains_paid_content":false,"footnotes":"","jetpack_publicize_message":"","jetpack_publicize_feature_enabled":true,"jetpack_social_post_already_shared":true,"jetpack_social_options":{"image_generator_settings":{"template":"highway","default_image_id":0,"font":"","enabled":false},"version":2},"jetpack_post_was_ever_published":false},"categories":[355],"tags":[],"class_list":["post-45610","post","type-post","status-publish","format-standard","has-post-thumbnail","hentry","category-internacional"],"jetpack_publicize_connections":[],"jetpack_sharing_enabled":true,"publishpress_future_action":{"enabled":false,"date":"2026-09-07 12:17:49","action":"change-status","newStatus":"draft","terms":[],"taxonomy":"category","extraData":[]},"publishpress_future_workflow_manual_trigger":{"enabledWorkflows":[]},"jetpack_featured_media_url":"https:\/\/noticiasveracruz.com\/wp-content\/uploads\/2024\/12\/Israel-ataca-sistema-de-armas-en-Siria.png","_links":{"self":[{"href":"https:\/\/noticiasveracruz.com\/index.php\/wp-json\/wp\/v2\/posts\/45610","targetHints":{"allow":["GET"]}}],"collection":[{"href":"https:\/\/noticiasveracruz.com\/index.php\/wp-json\/wp\/v2\/posts"}],"about":[{"href":"https:\/\/noticiasveracruz.com\/index.php\/wp-json\/wp\/v2\/types\/post"}],"author":[{"embeddable":true,"href":"https:\/\/noticiasveracruz.com\/index.php\/wp-json\/wp\/v2\/users\/4"}],"replies":[{"embeddable":true,"href":"https:\/\/noticiasveracruz.com\/index.php\/wp-json\/wp\/v2\/comments?post=45610"}],"version-history":[{"count":0,"href":"https:\/\/noticiasveracruz.com\/index.php\/wp-json\/wp\/v2\/posts\/45610\/revisions"}],"wp:featuredmedia":[{"embeddable":true,"href":"https:\/\/noticiasveracruz.com\/index.php\/wp-json\/wp\/v2\/media\/45611"}],"wp:attachment":[{"href":"https:\/\/noticiasveracruz.com\/index.php\/wp-json\/wp\/v2\/media?parent=45610"}],"wp:term":[{"taxonomy":"category","embeddable":true,"href":"https:\/\/noticiasveracruz.com\/index.php\/wp-json\/wp\/v2\/categories?post=45610"},{"taxonomy":"post_tag","embeddable":true,"href":"https:\/\/noticiasveracruz.com\/index.php\/wp-json\/wp\/v2\/tags?post=45610"}],"curies":[{"name":"wp","href":"https:\/\/api.w.org\/{rel}","templated":true}]}}