{"id":45607,"date":"2024-12-10T00:05:44","date_gmt":"2024-12-10T06:05:44","guid":{"rendered":"https:\/\/noticiasveracruz.com\/?p=45607"},"modified":"2024-12-09T18:35:58","modified_gmt":"2024-12-10T00:35:58","slug":"eu-e-israel-responden-al-fin-del-regimen-en-siria","status":"publish","type":"post","link":"https:\/\/noticiasveracruz.com\/index.php\/2024\/12\/10\/eu-e-israel-responden-al-fin-del-regimen-en-siria\/","title":{"rendered":"EU e Israel responden al fin del r\u00e9gimen en Siria"},"content":{"rendered":"<p><span style=\"font-size: 14pt;\">Diversos\u00a0l\u00edderes\u00a0mundiales han\u00a0reaccionado\u00a0a la\u00a0ca\u00edda del r\u00e9gimen de Bachar al Asad\u00a0en Siria, quien actualmente tiene\u00a0asilo\u00a0en\u00a0Rusia.<\/span><\/p>\n<p><span style=\"font-size: 14pt;\">El presidente de Estados Unidos,\u00a0Joe Biden, asegur\u00f3 este domingo que\u00a0Estados Unidos \u00abhablar\u00e1\u00a0con todos los\u00a0grupos sirios\u00bb en un proceso de\u00a0transici\u00f3n\u00a0liderado\u00a0por\u00a0Naciones Unidas\u00a0para\u00a0cerrar\u00a0la era de \u00abbrutalidad\u00bb de la familia Al Asad en el pa\u00eds.<\/span><\/p>\n<p><span style=\"font-size: 14pt;\">En un breve discurso desde la Casa Blanca, Biden dijo que \u00abhemos tomado nota de las declaraciones de los\u00a0grupos rebeldes\u00a0en los \u00faltimos d\u00edas y est\u00e1n diciendo ahora lo correcto, pero\u00a0tienen grandes responsabilidades\u00bb.<\/span><\/p>\n","protected":false},"excerpt":{"rendered":"<p>Diversos\u00a0l\u00edderes\u00a0mundiales han\u00a0reaccionado\u00a0a la\u00a0ca\u00edda del r\u00e9gimen de Bachar al Asad\u00a0en Siria, quien actualmente tiene\u00a0asilo\u00a0en\u00a0Rusia. El presidente de Estados Unidos,\u00a0Joe Biden, asegur\u00f3 este domingo que\u00a0Estados Unidos \u00abhablar\u00e1\u00a0con todos los\u00a0grupos sirios\u00bb en un proceso de\u00a0transici\u00f3n\u00a0liderado\u00a0por\u00a0Naciones Unidas\u00a0para\u00a0cerrar\u00a0la era de \u00abbrutalidad\u00bb de la familia Al Asad en el pa\u00eds. En un breve discurso desde la Casa Blanca, Biden dijo que [&hellip;]<\/p>\n","protected":false},"author":4,"featured_media":45608,"comment_status":"closed","ping_status":"closed","sticky":false,"template":"","format":"standard","meta":{"_jetpack_newsletter_access":"","_jetpack_dont_email_post_to_subs":false,"_jetpack_newsletter_tier_id":0,"_jetpack_memberships_contains_paywalled_content":false,"_jetpack_feature_clip_id":0,"_jetpack_memberships_contains_paid_content":false,"footnotes":"","jetpack_publicize_message":"","jetpack_publicize_feature_enabled":true,"jetpack_social_post_already_shared":true,"jetpack_social_options":{"image_generator_settings":{"template":"highway","default_image_id":0,"font":"","enabled":false},"version":2},"jetpack_post_was_ever_published":false},"categories":[355],"tags":[],"class_list":["post-45607","post","type-post","status-publish","format-standard","has-post-thumbnail","hentry","category-internacional"],"jetpack_publicize_connections":[],"jetpack_sharing_enabled":true,"publishpress_future_action":{"enabled":false,"date":"2026-09-07 12:18:29","action":"change-status","newStatus":"draft","terms":[],"taxonomy":"category","extraData":[]},"publishpress_future_workflow_manual_trigger":{"enabledWorkflows":[]},"jetpack_featured_media_url":"https:\/\/noticiasveracruz.com\/wp-content\/uploads\/2024\/12\/Siria.jpg","_links":{"self":[{"href":"https:\/\/noticiasveracruz.com\/index.php\/wp-json\/wp\/v2\/posts\/45607","targetHints":{"allow":["GET"]}}],"collection":[{"href":"https:\/\/noticiasveracruz.com\/index.php\/wp-json\/wp\/v2\/posts"}],"about":[{"href":"https:\/\/noticiasveracruz.com\/index.php\/wp-json\/wp\/v2\/types\/post"}],"author":[{"embeddable":true,"href":"https:\/\/noticiasveracruz.com\/index.php\/wp-json\/wp\/v2\/users\/4"}],"replies":[{"embeddable":true,"href":"https:\/\/noticiasveracruz.com\/index.php\/wp-json\/wp\/v2\/comments?post=45607"}],"version-history":[{"count":0,"href":"https:\/\/noticiasveracruz.com\/index.php\/wp-json\/wp\/v2\/posts\/45607\/revisions"}],"wp:featuredmedia":[{"embeddable":true,"href":"https:\/\/noticiasveracruz.com\/index.php\/wp-json\/wp\/v2\/media\/45608"}],"wp:attachment":[{"href":"https:\/\/noticiasveracruz.com\/index.php\/wp-json\/wp\/v2\/media?parent=45607"}],"wp:term":[{"taxonomy":"category","embeddable":true,"href":"https:\/\/noticiasveracruz.com\/index.php\/wp-json\/wp\/v2\/categories?post=45607"},{"taxonomy":"post_tag","embeddable":true,"href":"https:\/\/noticiasveracruz.com\/index.php\/wp-json\/wp\/v2\/tags?post=45607"}],"curies":[{"name":"wp","href":"https:\/\/api.w.org\/{rel}","templated":true}]}}