{"id":45572,"date":"2024-12-09T06:50:16","date_gmt":"2024-12-09T12:50:16","guid":{"rendered":"https:\/\/noticiasveracruz.com\/?p=45572"},"modified":"2024-12-08T21:52:02","modified_gmt":"2024-12-09T03:52:02","slug":"cuando-se-quiere-se-puede-2","status":"publish","type":"post","link":"https:\/\/noticiasveracruz.com\/index.php\/2024\/12\/09\/cuando-se-quiere-se-puede-2\/","title":{"rendered":"CUANDO SE QUIERE SE PUEDE"},"content":{"rendered":"<p><span style=\"font-size: 14pt;\"><strong>Ricardo Homs<\/strong><\/span><\/p>\n<p><span style=\"font-size: 14pt;\">El decomiso de 20 millones de dosis de fentanilo realizado por el gobierno de la presidenta Sheinbaum en Sinaloa, pone en evidencia que cuando se quiere, se puede.<\/span><\/p>\n<p><span style=\"font-size: 14pt;\">A su vez, exhibe la negligencia del presidente L\u00f3pez Obrador, cuando \u00e9ste neg\u00f3 reiteradamente al gobierno norteamericano que M\u00e9xico fuese productor de fentanilo. Imposible creer que las Fuerzas Armadas no se lo hubiesen informado.<\/span><\/p>\n<p><span style=\"font-size: 14pt;\">Con acciones como \u00e9sta es como se puede rescatar la credibilidad de un gobierno que ya no puede seguir ocultando la gravedad del pa\u00eds recibido.<\/span><\/p>\n<p><span style=\"font-size: 14pt;\">Sin embargo, resolver la problem\u00e1tica del narcotr\u00e1fico no significa mejorar la seguridad p\u00fablica, ni eliminar las extorsiones en contra de la ciudadan\u00eda, el cobro del piso o la desaparici\u00f3n de personas. Aunque los actores de todos los delitos sean los mismos, estos son dos problemas diferentes, que operan en diversos contextos y se resolver\u00edan con estrategias muy particulares.<\/span><\/p>\n<p><span style=\"font-size: 14pt;\">Narcotr\u00e1fico y trasiego de drogas es una problem\u00e1tica que afecta a la sociedad norteamericana, pues all\u00e1 es un problema de salud p\u00fablica. El nuestro en algunas regiones del pa\u00eds es de sobrevivencia.<\/span><\/p>\n<p><span style=\"font-size: 14pt;\">A final de cuentas el narcotr\u00e1fico es un problema compartido con el mayor consumidor del mundo que es Estados Unidos. Es m\u00e1s, nos hemos convertido en exportadores de alto nivel para much\u00edsimos pa\u00edses.<\/span><\/p>\n<p><span style=\"font-size: 14pt;\">En contraste, el problema de la violencia, extorsiones, cobro de piso, trata de personas, secuestros, huachicol y otros delitos m\u00e1s, es totalmente local.<\/span><\/p>\n<p><span style=\"font-size: 14pt;\">Mientras no aceptemos que son dos problemas diferentes, el problema dom\u00e9stico, -que es el que nos duele a los mexicanos-, no se resolver\u00e1 y podr\u00e1 poner en riesgo la gobernabilidad del pa\u00eds, pues los grupos delincuenciales han ido tomando control territorial poblado por poblado, municipio por municipio.<\/span><\/p>\n<p><span style=\"font-size: 14pt;\">La narrativa de atender las causas como prioridad es simplemente una escapatoria gubernamental para no enfrentar el fracaso. Las causas y los or\u00edgenes de la ola delincuencial que vivimos son diversos, y su resoluci\u00f3n es de muy largo plazo, quiz\u00e1 de varias generaciones. \u00a0Parte de ello se resuelve con educaci\u00f3n de calidad para todos y no la basura program\u00e1tica en que se ha convertido la educaci\u00f3n oficial.<\/span><\/p>\n<p><span style=\"font-size: 14pt;\">Es innegable que por naturaleza la vida ha sido, es y ser\u00e1 por siempre una competencia donde las mejores posiciones y las mejores oportunidades siempre ser\u00e1n para los m\u00e1s capacitados. Por ello debemos ense\u00f1ar a nuestros ni\u00f1os a competir, -no s\u00f3lo contra quienes les rodean-, sino contra s\u00ed mismos. Esto es, contra sus propios est\u00e1ndares y contra sus limitaciones personales.<\/span><\/p>\n<p><span style=\"font-size: 14pt;\">En contraste, se ha creado un sistema educativo que sumerge a los educandos en su zona de confort, donde el esfuerzo es una condicionante inexistente y muestra de ello es la ausencia de calificaciones escolares y poca importancia por las evaluaciones de desempe\u00f1o.<\/span><\/p>\n<p><span style=\"font-size: 14pt;\">Por tanto, la zona de confort genera una cultura de \u201cdinero f\u00e1cil\u201d y \u00e9ste se obtiene quit\u00e1ndoselo a quienes est\u00e1n a nuestro rededor, que es el origen de la delincuencia, ahora agravada por las justificaciones ideol\u00f3gicas derivadas de la izquierdista \u201clucha de clases\u201d.<\/span><\/p>\n<p><span style=\"font-size: 14pt;\">En contraposici\u00f3n, universalmente se reconoce que la \u00fanica fuente leg\u00edtima de comodidad y riquezas son el trabajo y los negocios.<\/span><\/p>\n<p><span style=\"font-size: 14pt;\">\u00bfC\u00f3mo se va a convencer a quien ya se acostumbr\u00f3 al dinero f\u00e1cil a regresar a los postulados tradicionales del amor al trabajo, al esfuerzo, los negocios y a la educaci\u00f3n escolarizada como un camino para desarrollar las herramientas para competir honorablemente?<\/span><\/p>\n<p><span style=\"font-size: 14pt;\">El \u00fanico camino que queda en el contexto actual es la aplicaci\u00f3n irrestricta de la ley y ello implica la utilizaci\u00f3n, -cuando sea necesario-, de los recursos policiales del Estado Mexicano.<\/span><\/p>\n<p><span style=\"font-size: 14pt;\">\u00a0Max Weber, -el fil\u00f3sofo alem\u00e1n reconocido mundialmente por sus aportaciones a la sociolog\u00eda y la pol\u00edtica-, refer\u00eda hace poco m\u00e1s de cien a\u00f1os, -en 1919-, que la \u00fanica violencia leg\u00edtima es la del estado, evidentemente para hacer valer la ley.<\/span><\/p>\n<p><span style=\"font-size: 14pt;\">Ese concepto sigue siendo reconocido en todo el mundo, excepto en M\u00e9xico, donde la demagogia populista ha tergiversado conceptos de la jurisprudencia universal.<\/span><\/p>\n<p><span style=\"font-size: 14pt;\">Los riesgos de la demagogia populista, -aplicada a la seguridad p\u00fablica-, est\u00e1n a la vista, con la p\u00e9rdida de la tranquilidad y la paz a manos de la violencia extrema y s\u00e1dica que ejerce el crimen organizado y la pasividad y tolerancia gubernamental.<\/span><\/p>\n<p><span style=\"font-size: 14pt;\">El presidente Trump exigir\u00e1 el combate al narcotr\u00e1fico dirigido hacia su pa\u00eds, pero es la sociedad mexicana la que debe exigir el regreso de la paz y la seguridad cotidiana a nuestras vidas. Entendamos que son dos problemas diferentes y nadie vendr\u00e1 a resolver lo que nos toca defender a nosotros.<\/span><\/p>\n<p><span style=\"font-size: 14pt;\">\u00bfA usted qu\u00e9 le parece?<\/span><\/p>\n","protected":false},"excerpt":{"rendered":"<p>Ricardo Homs El decomiso de 20 millones de dosis de fentanilo realizado por el gobierno de la presidenta Sheinbaum en<\/p>\n","protected":false},"author":4,"featured_media":39091,"comment_status":"closed","ping_status":"closed","sticky":false,"template":"","format":"standard","meta":{"colormag_page_container_layout":"default_layout","colormag_page_sidebar_layout":"default_layout","_jetpack_memberships_contains_paid_content":false,"footnotes":"","jetpack_publicize_message":"","jetpack_publicize_feature_enabled":true,"jetpack_social_post_already_shared":true,"jetpack_social_options":{"image_generator_settings":{"template":"highway","default_image_id":0,"font":"","enabled":false},"version":2}},"categories":[6],"tags":[],"class_list":["post-45572","post","type-post","status-publish","format-standard","has-post-thumbnail","hentry","category-columnistas"],"jetpack_publicize_connections":[],"jetpack_featured_media_url":"https:\/\/noticiasveracruz.com\/wp-content\/uploads\/2024\/09\/NV-RICARDO-HOMS.jpg","jetpack_sharing_enabled":true,"publishpress_future_action":{"enabled":false,"date":"2026-05-08 11:37:56","action":"change-status","newStatus":"draft","terms":[],"taxonomy":"category","extraData":[]},"publishpress_future_workflow_manual_trigger":{"enabledWorkflows":[]},"_links":{"self":[{"href":"https:\/\/noticiasveracruz.com\/index.php\/wp-json\/wp\/v2\/posts\/45572","targetHints":{"allow":["GET"]}}],"collection":[{"href":"https:\/\/noticiasveracruz.com\/index.php\/wp-json\/wp\/v2\/posts"}],"about":[{"href":"https:\/\/noticiasveracruz.com\/index.php\/wp-json\/wp\/v2\/types\/post"}],"author":[{"embeddable":true,"href":"https:\/\/noticiasveracruz.com\/index.php\/wp-json\/wp\/v2\/users\/4"}],"replies":[{"embeddable":true,"href":"https:\/\/noticiasveracruz.com\/index.php\/wp-json\/wp\/v2\/comments?post=45572"}],"version-history":[{"count":0,"href":"https:\/\/noticiasveracruz.com\/index.php\/wp-json\/wp\/v2\/posts\/45572\/revisions"}],"wp:featuredmedia":[{"embeddable":true,"href":"https:\/\/noticiasveracruz.com\/index.php\/wp-json\/wp\/v2\/media\/39091"}],"wp:attachment":[{"href":"https:\/\/noticiasveracruz.com\/index.php\/wp-json\/wp\/v2\/media?parent=45572"}],"wp:term":[{"taxonomy":"category","embeddable":true,"href":"https:\/\/noticiasveracruz.com\/index.php\/wp-json\/wp\/v2\/categories?post=45572"},{"taxonomy":"post_tag","embeddable":true,"href":"https:\/\/noticiasveracruz.com\/index.php\/wp-json\/wp\/v2\/tags?post=45572"}],"curies":[{"name":"wp","href":"https:\/\/api.w.org\/{rel}","templated":true}]}}