{"id":45496,"date":"2024-12-08T00:13:57","date_gmt":"2024-12-08T06:13:57","guid":{"rendered":"https:\/\/noticiasveracruz.com\/?p=45496"},"modified":"2024-12-07T18:21:33","modified_gmt":"2024-12-08T00:21:33","slug":"goldman-sachs-abandona-la-coalicion-mundial-de-bancos-por-el-clima","status":"publish","type":"post","link":"https:\/\/noticiasveracruz.com\/index.php\/2024\/12\/08\/goldman-sachs-abandona-la-coalicion-mundial-de-bancos-por-el-clima\/","title":{"rendered":"Goldman Sachs abandona la coalici\u00f3n mundial de bancos por el clima"},"content":{"rendered":"<p><span style=\"font-size: 14pt;\">Goldman Sachs\u00a0anunci\u00f3 su salida de una\u00a0coalici\u00f3n sectorial\u00a0destinada a alinear las actividades de pr\u00e9stamo e inversi\u00f3n de los bancos con los esfuerzos mundiales\u00a0para luchar contra el cambio clim\u00e1tico,\u00a0lo que supone el \u00faltimo abandono de alto nivel de una empresa financiera estadounidense del grupo.<\/span><\/p>\n<p><span style=\"font-size: 14pt;\">La decisi\u00f3n del banco de inversi\u00f3n estadounidense se produce en un contexto de presi\u00f3n por parte de algunos pol\u00edticos republicanos que han sugerido que la pertenencia a la\u00a0Alianza Bancaria Cero Neto\u00a0(NZBA, por su sigla en ingl\u00e9s) podr\u00eda infringir las normas antimonopolio.<\/span><\/p>\n","protected":false},"excerpt":{"rendered":"<p>Goldman Sachs\u00a0anunci\u00f3 su salida de una\u00a0coalici\u00f3n sectorial\u00a0destinada a alinear las actividades de pr\u00e9stamo e inversi\u00f3n de los bancos con los esfuerzos mundiales\u00a0para luchar contra el cambio clim\u00e1tico,\u00a0lo que supone el \u00faltimo abandono de alto nivel de una empresa financiera estadounidense del grupo. La decisi\u00f3n del banco de inversi\u00f3n estadounidense se produce en un contexto de [&hellip;]<\/p>\n","protected":false},"author":4,"featured_media":45497,"comment_status":"closed","ping_status":"closed","sticky":false,"template":"","format":"standard","meta":{"_jetpack_newsletter_access":"","_jetpack_dont_email_post_to_subs":false,"_jetpack_newsletter_tier_id":0,"_jetpack_memberships_contains_paywalled_content":false,"_jetpack_feature_clip_id":0,"_jetpack_memberships_contains_paid_content":false,"footnotes":"","jetpack_publicize_message":"","jetpack_publicize_feature_enabled":true,"jetpack_social_post_already_shared":true,"jetpack_social_options":{"image_generator_settings":{"template":"highway","default_image_id":0,"font":"","enabled":false},"version":2},"jetpack_post_was_ever_published":false},"categories":[1947],"tags":[],"class_list":["post-45496","post","type-post","status-publish","format-standard","has-post-thumbnail","hentry","category-economia"],"jetpack_publicize_connections":[],"jetpack_sharing_enabled":true,"publishpress_future_action":{"enabled":false,"date":"2026-09-09 05:41:13","action":"change-status","newStatus":"draft","terms":[],"taxonomy":"category","extraData":[]},"publishpress_future_workflow_manual_trigger":{"enabledWorkflows":[]},"jetpack_featured_media_url":"https:\/\/noticiasveracruz.com\/wp-content\/uploads\/2024\/12\/675363dcd2161.jpeg","_links":{"self":[{"href":"https:\/\/noticiasveracruz.com\/index.php\/wp-json\/wp\/v2\/posts\/45496","targetHints":{"allow":["GET"]}}],"collection":[{"href":"https:\/\/noticiasveracruz.com\/index.php\/wp-json\/wp\/v2\/posts"}],"about":[{"href":"https:\/\/noticiasveracruz.com\/index.php\/wp-json\/wp\/v2\/types\/post"}],"author":[{"embeddable":true,"href":"https:\/\/noticiasveracruz.com\/index.php\/wp-json\/wp\/v2\/users\/4"}],"replies":[{"embeddable":true,"href":"https:\/\/noticiasveracruz.com\/index.php\/wp-json\/wp\/v2\/comments?post=45496"}],"version-history":[{"count":0,"href":"https:\/\/noticiasveracruz.com\/index.php\/wp-json\/wp\/v2\/posts\/45496\/revisions"}],"wp:featuredmedia":[{"embeddable":true,"href":"https:\/\/noticiasveracruz.com\/index.php\/wp-json\/wp\/v2\/media\/45497"}],"wp:attachment":[{"href":"https:\/\/noticiasveracruz.com\/index.php\/wp-json\/wp\/v2\/media?parent=45496"}],"wp:term":[{"taxonomy":"category","embeddable":true,"href":"https:\/\/noticiasveracruz.com\/index.php\/wp-json\/wp\/v2\/categories?post=45496"},{"taxonomy":"post_tag","embeddable":true,"href":"https:\/\/noticiasveracruz.com\/index.php\/wp-json\/wp\/v2\/tags?post=45496"}],"curies":[{"name":"wp","href":"https:\/\/api.w.org\/{rel}","templated":true}]}}