{"id":45368,"date":"2024-12-06T00:08:42","date_gmt":"2024-12-06T06:08:42","guid":{"rendered":"https:\/\/noticiasveracruz.com\/?p=45368"},"modified":"2024-12-05T16:53:57","modified_gmt":"2024-12-05T22:53:57","slug":"organizaciones-empresariales-de-queretaro-respaldan-aumento-al-salario-minimo-del-2025","status":"publish","type":"post","link":"https:\/\/noticiasveracruz.com\/index.php\/2024\/12\/06\/organizaciones-empresariales-de-queretaro-respaldan-aumento-al-salario-minimo-del-2025\/","title":{"rendered":"Organizaciones empresariales de Quer\u00e9taro respaldan aumento al salario m\u00ednimo del 2025"},"content":{"rendered":"<p><span style=\"font-size: 14pt;\">El\u00a0aumento al salario m\u00ednimo en el 2025\u00a0representar\u00e1 un esfuerzo para micro y peque\u00f1as empresas, no obstante, es positivo al tratarse de un avance econ\u00f3mico para los trabajadores, refirieron representantes de organismos empresariales en\u00a0Quer\u00e9taro.<\/span><\/p>\n<p><span style=\"font-size: 14pt;\">La presidenta del Centro Empresarial de la Confederaci\u00f3n Patronal de la Rep\u00fablica Mexicana (Coparmex) en Quer\u00e9taro, Beatriz Hern\u00e1ndez Rojas, destac\u00f3 que el aumento salarial est\u00e1 alineado a la estrategia de fortalecer poder adquisitivo de la base trabajadores, planteada por esta organizaci\u00f3n con miras a alcanzar la l\u00ednea del bienestar en el 2026.<\/span><\/p>\n","protected":false},"excerpt":{"rendered":"<p>El\u00a0aumento al salario m\u00ednimo en el 2025\u00a0representar\u00e1 un esfuerzo para micro y peque\u00f1as empresas, no obstante, es positivo al tratarse de un avance econ\u00f3mico para los trabajadores, refirieron representantes de organismos empresariales en\u00a0Quer\u00e9taro. La presidenta del Centro Empresarial de la Confederaci\u00f3n Patronal de la Rep\u00fablica Mexicana (Coparmex) en Quer\u00e9taro, Beatriz Hern\u00e1ndez Rojas, destac\u00f3 que el [&hellip;]<\/p>\n","protected":false},"author":4,"featured_media":45369,"comment_status":"closed","ping_status":"closed","sticky":false,"template":"","format":"standard","meta":{"_jetpack_newsletter_access":"","_jetpack_dont_email_post_to_subs":false,"_jetpack_newsletter_tier_id":0,"_jetpack_memberships_contains_paywalled_content":false,"_jetpack_feature_clip_id":0,"_jetpack_memberships_contains_paid_content":false,"footnotes":"","jetpack_publicize_message":"","jetpack_publicize_feature_enabled":true,"jetpack_social_post_already_shared":true,"jetpack_social_options":{"image_generator_settings":{"template":"highway","default_image_id":0,"font":"","enabled":false},"version":2},"jetpack_post_was_ever_published":false},"categories":[145],"tags":[],"class_list":["post-45368","post","type-post","status-publish","format-standard","has-post-thumbnail","hentry","category-estados"],"jetpack_publicize_connections":[],"jetpack_sharing_enabled":true,"publishpress_future_action":{"enabled":false,"date":"2026-09-10 15:08:13","action":"change-status","newStatus":"draft","terms":[],"taxonomy":"category","extraData":[]},"publishpress_future_workflow_manual_trigger":{"enabledWorkflows":[]},"jetpack_featured_media_url":"https:\/\/noticiasveracruz.com\/wp-content\/uploads\/2024\/12\/66e95fe1424af.jpeg","_links":{"self":[{"href":"https:\/\/noticiasveracruz.com\/index.php\/wp-json\/wp\/v2\/posts\/45368","targetHints":{"allow":["GET"]}}],"collection":[{"href":"https:\/\/noticiasveracruz.com\/index.php\/wp-json\/wp\/v2\/posts"}],"about":[{"href":"https:\/\/noticiasveracruz.com\/index.php\/wp-json\/wp\/v2\/types\/post"}],"author":[{"embeddable":true,"href":"https:\/\/noticiasveracruz.com\/index.php\/wp-json\/wp\/v2\/users\/4"}],"replies":[{"embeddable":true,"href":"https:\/\/noticiasveracruz.com\/index.php\/wp-json\/wp\/v2\/comments?post=45368"}],"version-history":[{"count":0,"href":"https:\/\/noticiasveracruz.com\/index.php\/wp-json\/wp\/v2\/posts\/45368\/revisions"}],"wp:featuredmedia":[{"embeddable":true,"href":"https:\/\/noticiasveracruz.com\/index.php\/wp-json\/wp\/v2\/media\/45369"}],"wp:attachment":[{"href":"https:\/\/noticiasveracruz.com\/index.php\/wp-json\/wp\/v2\/media?parent=45368"}],"wp:term":[{"taxonomy":"category","embeddable":true,"href":"https:\/\/noticiasveracruz.com\/index.php\/wp-json\/wp\/v2\/categories?post=45368"},{"taxonomy":"post_tag","embeddable":true,"href":"https:\/\/noticiasveracruz.com\/index.php\/wp-json\/wp\/v2\/tags?post=45368"}],"curies":[{"name":"wp","href":"https:\/\/api.w.org\/{rel}","templated":true}]}}