{"id":45362,"date":"2024-12-06T00:06:38","date_gmt":"2024-12-06T06:06:38","guid":{"rendered":"https:\/\/noticiasveracruz.com\/?p=45362"},"modified":"2024-12-05T16:46:58","modified_gmt":"2024-12-05T22:46:58","slug":"ongs-contabilizaron-135-muertos-por-choques-en-un-partido-de-futbol-en-guinea-conakri","status":"publish","type":"post","link":"https:\/\/noticiasveracruz.com\/index.php\/2024\/12\/06\/ongs-contabilizaron-135-muertos-por-choques-en-un-partido-de-futbol-en-guinea-conakri\/","title":{"rendered":"ONGs contabilizaron 135 muertos por choques en un partido de futbol en Guinea-Conakri"},"content":{"rendered":"<p><span style=\"font-size: 14pt;\">Siete organizaciones locales de Guinea-Conakri elevaron a 135 los muertos en las estampidas desatadas el domingo pasado a ra\u00edz de los enfrentamientos durante un partido de f\u00fatbol en la ciudad de Nz\u00e9r\u00e9kor\u00e9 (sureste), la segunda m\u00e1s importante del pa\u00eds, mientras el recuento oficial se mantiene en 56.<\/span><\/p>\n<p><span style=\"font-size: 14pt;\">\u00abSeg\u00fan las informaciones recogidas en el hospital regional de Nz\u00e9r\u00e9kor\u00e9, de los hinchas presentes en el estadio y de los jefes de los barrios sobre los entierros en cementerios (&#8230;), de las mezquitas e iglesias, de los padres de las v\u00edctimas y de la prensa local, estimamos que 135 personas, la mayor\u00eda menores de 18 a\u00f1os, murieron en el estadio\u00bb, se\u00f1alaron las ONG en un comunicado conjunto difundido a \u00faltima hora del martes en redes sociales.<\/span><\/p>\n","protected":false},"excerpt":{"rendered":"<p>Siete organizaciones locales de Guinea-Conakri elevaron a 135 los muertos en las estampidas desatadas el domingo pasado a ra\u00edz de los enfrentamientos durante un partido de f\u00fatbol en la ciudad de Nz\u00e9r\u00e9kor\u00e9 (sureste), la segunda m\u00e1s importante del pa\u00eds, mientras el recuento oficial se mantiene en 56. \u00abSeg\u00fan las informaciones recogidas en el hospital regional [&hellip;]<\/p>\n","protected":false},"author":4,"featured_media":45363,"comment_status":"closed","ping_status":"closed","sticky":false,"template":"","format":"standard","meta":{"_jetpack_newsletter_access":"","_jetpack_dont_email_post_to_subs":false,"_jetpack_newsletter_tier_id":0,"_jetpack_memberships_contains_paywalled_content":false,"_jetpack_feature_clip_id":0,"_jetpack_memberships_contains_paid_content":false,"footnotes":"","jetpack_publicize_message":"","jetpack_publicize_feature_enabled":true,"jetpack_social_post_already_shared":true,"jetpack_social_options":{"image_generator_settings":{"template":"highway","default_image_id":0,"font":"","enabled":false},"version":2},"jetpack_post_was_ever_published":false},"categories":[355],"tags":[],"class_list":["post-45362","post","type-post","status-publish","format-standard","has-post-thumbnail","hentry","category-internacional"],"jetpack_publicize_connections":[],"jetpack_sharing_enabled":true,"publishpress_future_action":{"enabled":false,"date":"2026-09-08 14:10:26","action":"change-status","newStatus":"draft","terms":[],"taxonomy":"category","extraData":[]},"publishpress_future_workflow_manual_trigger":{"enabledWorkflows":[]},"jetpack_featured_media_url":"https:\/\/noticiasveracruz.com\/wp-content\/uploads\/2024\/12\/Estadio.jpg","_links":{"self":[{"href":"https:\/\/noticiasveracruz.com\/index.php\/wp-json\/wp\/v2\/posts\/45362","targetHints":{"allow":["GET"]}}],"collection":[{"href":"https:\/\/noticiasveracruz.com\/index.php\/wp-json\/wp\/v2\/posts"}],"about":[{"href":"https:\/\/noticiasveracruz.com\/index.php\/wp-json\/wp\/v2\/types\/post"}],"author":[{"embeddable":true,"href":"https:\/\/noticiasveracruz.com\/index.php\/wp-json\/wp\/v2\/users\/4"}],"replies":[{"embeddable":true,"href":"https:\/\/noticiasveracruz.com\/index.php\/wp-json\/wp\/v2\/comments?post=45362"}],"version-history":[{"count":0,"href":"https:\/\/noticiasveracruz.com\/index.php\/wp-json\/wp\/v2\/posts\/45362\/revisions"}],"wp:featuredmedia":[{"embeddable":true,"href":"https:\/\/noticiasveracruz.com\/index.php\/wp-json\/wp\/v2\/media\/45363"}],"wp:attachment":[{"href":"https:\/\/noticiasveracruz.com\/index.php\/wp-json\/wp\/v2\/media?parent=45362"}],"wp:term":[{"taxonomy":"category","embeddable":true,"href":"https:\/\/noticiasveracruz.com\/index.php\/wp-json\/wp\/v2\/categories?post=45362"},{"taxonomy":"post_tag","embeddable":true,"href":"https:\/\/noticiasveracruz.com\/index.php\/wp-json\/wp\/v2\/tags?post=45362"}],"curies":[{"name":"wp","href":"https:\/\/api.w.org\/{rel}","templated":true}]}}