{"id":4531,"date":"2022-05-20T15:44:14","date_gmt":"2022-05-20T20:44:14","guid":{"rendered":"https:\/\/noticiasveracruz.com\/?p=4531"},"modified":"2022-05-20T15:48:51","modified_gmt":"2022-05-20T20:48:51","slug":"inicia-tlc-entre-mexico-y-reino-unido-tatiana-clouthier-video","status":"publish","type":"post","link":"https:\/\/noticiasveracruz.com\/index.php\/2022\/05\/20\/inicia-tlc-entre-mexico-y-reino-unido-tatiana-clouthier-video\/","title":{"rendered":"Inicia TLC entre M\u00e9xico y Reino Unido: Tatiana Clouthier [Video]"},"content":{"rendered":"<p class=\"p1\"><span style=\"font-size: 14pt;\"><em><strong>Sonora.<\/strong><\/em> En seguimiento del <strong>Plan Nacional de Desarrollo<\/strong>, inici\u00f3 la negociaci\u00f3n del <strong>Tratado de Libre Comercio entre M\u00e9xico y Reino Unido<\/strong>, inform\u00f3 la secretaria de Econom\u00eda, <strong>Tatiana Clouthier Carrillo<\/strong>, durante un enlace en vivo con el presidente Andr\u00e9s Manuel L\u00f3pez Obrador en la conferencia de prensa matutina en Sonora.<\/span><\/p>\n<div style=\"width: 800px;\" class=\"wp-video\"><video class=\"wp-video-shortcode\" id=\"video-4531-1\" width=\"800\" height=\"450\" preload=\"metadata\" controls=\"controls\"><source type=\"video\/mp4\" src=\"http:\/\/noticiasveracruz.com\/wp-content\/uploads\/2022\/05\/TLC-ME\u0301X-RU.mp4?_=1\" \/><a href=\"http:\/\/noticiasveracruz.com\/wp-content\/uploads\/2022\/05\/TLC-ME\u0301X-RU.mp4\">http:\/\/noticiasveracruz.com\/wp-content\/uploads\/2022\/05\/TLC-ME\u0301X-RU.mp4<\/a><\/video><\/div>\n<p>&nbsp;<\/p>\n<p class=\"p1\"><strong><span style=\"font-size: 18pt;\">\u201cQueremos decir que Reino Unido es nuestro dieciseisavo socio comercial; el a\u00f1o 2021 logramos mover en intercambio comercial 5 mil millones de d\u00f3lares; tenemos una inversi\u00f3n extranjera directa por parte de ellos, en este a\u00f1o, de 8 mil millones de d\u00f3lares y m\u00e1s de 2 mil empresas brit\u00e1nicas en nuestro pa\u00eds\u201d, explic\u00f3.<\/span><\/strong><\/p>\n<p class=\"p1\"><span style=\"font-size: 14pt;\">La titular de Econom\u00eda expuso que la iniciativa privada de Reino Unido muestra inter\u00e9s en invertir en M\u00e9xico a largo plazo.<\/span><\/p>\n<p class=\"p1\"><strong><span style=\"font-size: 18pt;\">\u201cEn los pr\u00f3ximos cinco a\u00f1os, un grupo hotelero abrir\u00e1 m\u00e1s de 50 hoteles y otro grupo inversionista habla maravillas de las y los trabajadores mexicanos, donde dicen que son personas extremadamente dedicadas\u201d, expres\u00f3.<\/span><\/strong><\/p>\n<p class=\"p1\"><span style=\"font-size: 14pt;\">La funcionaria se encuentra acompa\u00f1ada de la embajadora de M\u00e9xico en Reino Unido, Josefa Gonz\u00e1lez y empresarios mexicanos.<\/span><\/p>\n<p>&nbsp;<\/p>\n<p><img loading=\"lazy\" decoding=\"async\" class=\"aligncenter wp-image-4533\" src=\"http:\/\/noticiasveracruz.com\/wp-content\/uploads\/2022\/05\/FTMyqI5WAAYxcQ1-300x220.jpeg\" alt=\"\" width=\"800\" height=\"587\" srcset=\"https:\/\/noticiasveracruz.com\/wp-content\/uploads\/2022\/05\/FTMyqI5WAAYxcQ1-300x220.jpeg 300w, https:\/\/noticiasveracruz.com\/wp-content\/uploads\/2022\/05\/FTMyqI5WAAYxcQ1-768x564.jpeg 768w, https:\/\/noticiasveracruz.com\/wp-content\/uploads\/2022\/05\/FTMyqI5WAAYxcQ1-600x441.jpeg 600w, https:\/\/noticiasveracruz.com\/wp-content\/uploads\/2022\/05\/FTMyqI5WAAYxcQ1.jpeg 783w\" sizes=\"auto, (max-width: 800px) 100vw, 800px\" \/><\/p>\n<p>&nbsp;<\/p>\n<blockquote><p><span style=\"font-size: 14pt;\">M\u00e9xico y el Reino Unido est\u00e1n unidos por la amistad y una importante y estrat\u00e9gica relaci\u00f3n econ\u00f3mica, que sustenta a compa\u00f1\u00edas y empleos en ambos pa\u00edses\u201d, dijo la funcionaria mexicana.<\/span><\/p><\/blockquote>\n<p><span style=\"font-size: 14pt;\">\u201cEn esta administraci\u00f3n estamos convencidos de que construir puentes y eliminar barreras al comercio es el camino para el crecimiento y el enfoque correcto para reducir altas tasas inflacionarias que est\u00e1n afectando nuestras econom\u00edas\u201d, dijo.<\/span><\/p>\n<p><strong><span style=\"font-size: 18pt;\">Mencion\u00f3 que los principales pilares de la pol\u00edtica comercial de M\u00e9xico son la diversificaci\u00f3n, innovaci\u00f3n e inclusi\u00f3n son, por lo que el tratado de libre comercio con el Reino Unido ser\u00e1 moderno y progresista, adem\u00e1s de ser una oportunidad para profundizar el comercio y fortalecer relaci\u00f3n bilateral<\/span><\/strong><\/p>\n<blockquote><p><span style=\"font-size: 14pt;\">Este tratado de libre comercio es la oportunidad de construir un acuerdo para la econom\u00eda del siglo XXI, puesto que se relaciona no s\u00f3lo con el comercio en bienes y servicios, sino tambi\u00e9n con el comercio digital flujos de trato transfronterizos, comercio electr\u00f3nico, cooperaci\u00f3n regulatoria e innovaci\u00f3n, s\u00f3lo para mencionar algunos\u201d, se\u00f1al\u00f3.<\/span><\/p><\/blockquote>\n<p>&nbsp;<\/p>\n<p>&nbsp;<\/p>\n<p>&nbsp;<\/p>\n","protected":false},"excerpt":{"rendered":"<p>Sonora. En seguimiento del Plan Nacional de Desarrollo, inici\u00f3 la negociaci\u00f3n del Tratado de Libre Comercio entre M\u00e9xico y Reino<\/p>\n","protected":false},"author":4,"featured_media":4534,"comment_status":"closed","ping_status":"closed","sticky":false,"template":"","format":"standard","meta":{"colormag_page_container_layout":"default_layout","colormag_page_sidebar_layout":"default_layout","_jetpack_memberships_contains_paid_content":false,"footnotes":"","jetpack_publicize_message":"","jetpack_publicize_feature_enabled":true,"jetpack_social_post_already_shared":false,"jetpack_social_options":{"image_generator_settings":{"template":"highway","default_image_id":0,"font":"","enabled":false},"version":2}},"categories":[4],"tags":[31,309,749,750,748],"class_list":["post-4531","post","type-post","status-publish","format-standard","has-post-thumbnail","hentry","category-nacional","tag-mexico","tag-reino-unido","tag-tatiana-clouthier","tag-tlc","tag-tratado-de-libre-comercio"],"jetpack_publicize_connections":[],"jetpack_featured_media_url":"https:\/\/noticiasveracruz.com\/wp-content\/uploads\/2022\/05\/P-TATIANA-CLOUTHIER2.png","jetpack_sharing_enabled":true,"publishpress_future_action":{"enabled":false,"date":"2026-05-07 16:32:56","action":"change-status","newStatus":"draft","terms":[],"taxonomy":"category","extraData":[]},"publishpress_future_workflow_manual_trigger":{"enabledWorkflows":[]},"_links":{"self":[{"href":"https:\/\/noticiasveracruz.com\/index.php\/wp-json\/wp\/v2\/posts\/4531","targetHints":{"allow":["GET"]}}],"collection":[{"href":"https:\/\/noticiasveracruz.com\/index.php\/wp-json\/wp\/v2\/posts"}],"about":[{"href":"https:\/\/noticiasveracruz.com\/index.php\/wp-json\/wp\/v2\/types\/post"}],"author":[{"embeddable":true,"href":"https:\/\/noticiasveracruz.com\/index.php\/wp-json\/wp\/v2\/users\/4"}],"replies":[{"embeddable":true,"href":"https:\/\/noticiasveracruz.com\/index.php\/wp-json\/wp\/v2\/comments?post=4531"}],"version-history":[{"count":0,"href":"https:\/\/noticiasveracruz.com\/index.php\/wp-json\/wp\/v2\/posts\/4531\/revisions"}],"wp:featuredmedia":[{"embeddable":true,"href":"https:\/\/noticiasveracruz.com\/index.php\/wp-json\/wp\/v2\/media\/4534"}],"wp:attachment":[{"href":"https:\/\/noticiasveracruz.com\/index.php\/wp-json\/wp\/v2\/media?parent=4531"}],"wp:term":[{"taxonomy":"category","embeddable":true,"href":"https:\/\/noticiasveracruz.com\/index.php\/wp-json\/wp\/v2\/categories?post=4531"},{"taxonomy":"post_tag","embeddable":true,"href":"https:\/\/noticiasveracruz.com\/index.php\/wp-json\/wp\/v2\/tags?post=4531"}],"curies":[{"name":"wp","href":"https:\/\/api.w.org\/{rel}","templated":true}]}}