{"id":45239,"date":"2024-12-04T00:12:44","date_gmt":"2024-12-04T06:12:44","guid":{"rendered":"https:\/\/noticiasveracruz.com\/?p=45239"},"modified":"2024-12-03T17:54:49","modified_gmt":"2024-12-03T23:54:49","slug":"ppef-2025-el-30-del-gasto-se-ira-a-costo-financiero-y-a-estados-asegura-shcp","status":"publish","type":"post","link":"https:\/\/noticiasveracruz.com\/index.php\/2024\/12\/04\/ppef-2025-el-30-del-gasto-se-ira-a-costo-financiero-y-a-estados-asegura-shcp\/","title":{"rendered":"PPEF 2025: El 30% del gasto se ir\u00e1 a costo financiero y a estados, asegura SHCP"},"content":{"rendered":"<p><span style=\"font-size: 14pt;\">Mientras se llevaba a cabo un mit\u00edn afuera del Palacio Legislativo de San L\u00e1zaro, Bertha G\u00f3mez, subsecretaria de Egresos de la Secretar\u00eda de Hacienda y Cr\u00e9dito P\u00fablico (SHCP), asegur\u00f3 que la disciplina presupuestal es la \u201cinstrucci\u00f3n precisa y contundente\u201d dada por la presidenta Claudia Sheinbaum para elaborar el\u00a0Proyecto de Presupuesto de Egresos de la Federaci\u00f3n\u00a0(PPEF) 2025.<\/span><\/p>\n<p><span style=\"font-size: 14pt;\">En este sentido, y frente a los legisladores de la Comisi\u00f3n de Presupuesto y Cuenta P\u00fablica de la C\u00e1mara de Diputados, la subsecretaria de\u00a0Egresos\u00a0record\u00f3 que de los 9.3 billones de pesos propuestos como gasto total para el siguiente a\u00f1o, 30% se ir\u00e1 a cubrir obligaciones como el costo financiero de la deuda y las participaciones a las entidades federativas.<\/span><\/p>\n","protected":false},"excerpt":{"rendered":"<p>Mientras se llevaba a cabo un mit\u00edn afuera del Palacio Legislativo de San L\u00e1zaro, Bertha G\u00f3mez, subsecretaria de Egresos de<\/p>\n","protected":false},"author":4,"featured_media":45240,"comment_status":"closed","ping_status":"closed","sticky":false,"template":"","format":"standard","meta":{"colormag_page_container_layout":"default_layout","colormag_page_sidebar_layout":"default_layout","_jetpack_memberships_contains_paid_content":false,"footnotes":"","jetpack_publicize_message":"","jetpack_publicize_feature_enabled":true,"jetpack_social_post_already_shared":true,"jetpack_social_options":{"image_generator_settings":{"template":"highway","default_image_id":0,"font":"","enabled":false},"version":2}},"categories":[1947],"tags":[],"class_list":["post-45239","post","type-post","status-publish","format-standard","has-post-thumbnail","hentry","category-economia"],"jetpack_publicize_connections":[],"jetpack_featured_media_url":"https:\/\/noticiasveracruz.com\/wp-content\/uploads\/2024\/12\/674f7469ebd90.png","jetpack_sharing_enabled":true,"publishpress_future_action":{"enabled":false,"date":"2026-05-10 04:42:04","action":"change-status","newStatus":"draft","terms":[],"taxonomy":"category","extraData":[]},"publishpress_future_workflow_manual_trigger":{"enabledWorkflows":[]},"_links":{"self":[{"href":"https:\/\/noticiasveracruz.com\/index.php\/wp-json\/wp\/v2\/posts\/45239","targetHints":{"allow":["GET"]}}],"collection":[{"href":"https:\/\/noticiasveracruz.com\/index.php\/wp-json\/wp\/v2\/posts"}],"about":[{"href":"https:\/\/noticiasveracruz.com\/index.php\/wp-json\/wp\/v2\/types\/post"}],"author":[{"embeddable":true,"href":"https:\/\/noticiasveracruz.com\/index.php\/wp-json\/wp\/v2\/users\/4"}],"replies":[{"embeddable":true,"href":"https:\/\/noticiasveracruz.com\/index.php\/wp-json\/wp\/v2\/comments?post=45239"}],"version-history":[{"count":0,"href":"https:\/\/noticiasveracruz.com\/index.php\/wp-json\/wp\/v2\/posts\/45239\/revisions"}],"wp:featuredmedia":[{"embeddable":true,"href":"https:\/\/noticiasveracruz.com\/index.php\/wp-json\/wp\/v2\/media\/45240"}],"wp:attachment":[{"href":"https:\/\/noticiasveracruz.com\/index.php\/wp-json\/wp\/v2\/media?parent=45239"}],"wp:term":[{"taxonomy":"category","embeddable":true,"href":"https:\/\/noticiasveracruz.com\/index.php\/wp-json\/wp\/v2\/categories?post=45239"},{"taxonomy":"post_tag","embeddable":true,"href":"https:\/\/noticiasveracruz.com\/index.php\/wp-json\/wp\/v2\/tags?post=45239"}],"curies":[{"name":"wp","href":"https:\/\/api.w.org\/{rel}","templated":true}]}}