{"id":45236,"date":"2024-12-04T00:11:16","date_gmt":"2024-12-04T06:11:16","guid":{"rendered":"https:\/\/noticiasveracruz.com\/?p=45236"},"modified":"2024-12-03T17:53:32","modified_gmt":"2024-12-03T23:53:32","slug":"senadores-analizan-y-discuten-en-el-pleno-la-ley-federal-de-derechos","status":"publish","type":"post","link":"https:\/\/noticiasveracruz.com\/index.php\/2024\/12\/04\/senadores-analizan-y-discuten-en-el-pleno-la-ley-federal-de-derechos\/","title":{"rendered":"Senadores analizan y discuten en el Pleno la Ley Federal de Derechos"},"content":{"rendered":"<p><span style=\"font-size: 14pt;\">La tarde de este martes, el pleno del\u00a0Senado de la Rep\u00fablica\u00a0discute la\u00a0Ley Federal de Derechos\u00a0(LFD) para el 2025. Una vez que aprueben este dictamen, pasar\u00e1n a la discusi\u00f3n de la Ley de Ingresos de la Federaci\u00f3n (LIF) del siguiente a\u00f1o.<\/span><\/p>\n<p><span style=\"font-size: 14pt;\">La aprobaci\u00f3n en el pleno de la C\u00e1mara alta es el \u00faltimo paso que le falta a estas dos leyes para concluir su proceso legislativo y con ello, quedar\u00e1 lista la cobija de recursos p\u00fablicos a partir de la cual los diputados aprobar\u00e1n el\u00a0Presupuesto de Egresos de la Federaci\u00f3n\u00a0(PEF) 2025.<\/span><\/p>\n","protected":false},"excerpt":{"rendered":"<p>La tarde de este martes, el pleno del\u00a0Senado de la Rep\u00fablica\u00a0discute la\u00a0Ley Federal de Derechos\u00a0(LFD) para el 2025. Una vez<\/p>\n","protected":false},"author":4,"featured_media":45237,"comment_status":"closed","ping_status":"closed","sticky":false,"template":"","format":"standard","meta":{"colormag_page_container_layout":"default_layout","colormag_page_sidebar_layout":"default_layout","_jetpack_memberships_contains_paid_content":false,"footnotes":"","jetpack_publicize_message":"","jetpack_publicize_feature_enabled":true,"jetpack_social_post_already_shared":true,"jetpack_social_options":{"image_generator_settings":{"template":"highway","default_image_id":0,"font":"","enabled":false},"version":2}},"categories":[1947],"tags":[],"class_list":["post-45236","post","type-post","status-publish","format-standard","has-post-thumbnail","hentry","category-economia"],"jetpack_publicize_connections":[],"jetpack_featured_media_url":"https:\/\/noticiasveracruz.com\/wp-content\/uploads\/2024\/12\/67174afa0cf85.jpeg","jetpack_sharing_enabled":true,"publishpress_future_action":{"enabled":false,"date":"2026-05-10 02:29:14","action":"change-status","newStatus":"draft","terms":[],"taxonomy":"category","extraData":[]},"publishpress_future_workflow_manual_trigger":{"enabledWorkflows":[]},"_links":{"self":[{"href":"https:\/\/noticiasveracruz.com\/index.php\/wp-json\/wp\/v2\/posts\/45236","targetHints":{"allow":["GET"]}}],"collection":[{"href":"https:\/\/noticiasveracruz.com\/index.php\/wp-json\/wp\/v2\/posts"}],"about":[{"href":"https:\/\/noticiasveracruz.com\/index.php\/wp-json\/wp\/v2\/types\/post"}],"author":[{"embeddable":true,"href":"https:\/\/noticiasveracruz.com\/index.php\/wp-json\/wp\/v2\/users\/4"}],"replies":[{"embeddable":true,"href":"https:\/\/noticiasveracruz.com\/index.php\/wp-json\/wp\/v2\/comments?post=45236"}],"version-history":[{"count":0,"href":"https:\/\/noticiasveracruz.com\/index.php\/wp-json\/wp\/v2\/posts\/45236\/revisions"}],"wp:featuredmedia":[{"embeddable":true,"href":"https:\/\/noticiasveracruz.com\/index.php\/wp-json\/wp\/v2\/media\/45237"}],"wp:attachment":[{"href":"https:\/\/noticiasveracruz.com\/index.php\/wp-json\/wp\/v2\/media?parent=45236"}],"wp:term":[{"taxonomy":"category","embeddable":true,"href":"https:\/\/noticiasveracruz.com\/index.php\/wp-json\/wp\/v2\/categories?post=45236"},{"taxonomy":"post_tag","embeddable":true,"href":"https:\/\/noticiasveracruz.com\/index.php\/wp-json\/wp\/v2\/tags?post=45236"}],"curies":[{"name":"wp","href":"https:\/\/api.w.org\/{rel}","templated":true}]}}