{"id":45229,"date":"2024-12-04T00:09:27","date_gmt":"2024-12-04T06:09:27","guid":{"rendered":"https:\/\/noticiasveracruz.com\/?p=45229"},"modified":"2024-12-03T13:52:38","modified_gmt":"2024-12-03T19:52:38","slug":"protestas-por-el-aplazamiento-de-la-adhesion-de-georgia-a-la-ue-dejan-decenas-de-heridos","status":"publish","type":"post","link":"https:\/\/noticiasveracruz.com\/index.php\/2024\/12\/04\/protestas-por-el-aplazamiento-de-la-adhesion-de-georgia-a-la-ue-dejan-decenas-de-heridos\/","title":{"rendered":"Protestas por el aplazamiento de la adhesi\u00f3n de Georgia a la UE dejan decenas de heridos"},"content":{"rendered":"<div>\n<div id=\"content-body-225-12959223\">\n<p><span style=\"font-size: 14pt;\">Veintis\u00e9is personas resultaron heridas en los\u00a0enfrentamientos entre manifestantes y la polic\u00eda de Georgia\u00a0el lunes, anunciaron las autoridades el martes cuando el pa\u00eds se prepara para una sexta noche de\u00a0protestas proeuropeas.<\/span><\/p>\n<p><span style=\"font-size: 14pt;\">Los rescatistas \u00abtransportaron 26 personas hacia centros m\u00e9dicos\u00bb, entre ellos 23 manifestantes y tres polic\u00edas, indic\u00f3 el Ministerio de Salud en un comunicado.<\/span><\/p>\n<\/div>\n<\/div>\n<div>\n<div id=\"dfp-nota-1x3s\" data-google-query-id=\"CJ77s-2vjIoDFdCkpgQdlcEoPw\">\n<div id=\"google_ads_iframe_\/2000002\/la-prensa\/mexico_nota_1x3_0__container__\">\n<div id=\"inArticle_1\">\n<div>\n<div>\n<div>\n<div><span style=\"font-size: 14pt;\">Miles de manifestantes partidarios de la adhesi\u00f3n de Georgia a la Uni\u00f3n Europea se congregaron la noche del lunes, por quinto d\u00eda consecutivo, frente al Parlamento en Tiflis, la capital, pero fueron dispersados por la polic\u00eda, en un momento en que se agudiza la crisis contra el Gobierno prorruso en este pa\u00eds del Ca\u00facaso.<\/span><\/div>\n<\/div>\n<\/div>\n<\/div>\n<\/div>\n<\/div>\n<\/div>\n<\/div>\n","protected":false},"excerpt":{"rendered":"<p>Veintis\u00e9is personas resultaron heridas en los\u00a0enfrentamientos entre manifestantes y la polic\u00eda de Georgia\u00a0el lunes, anunciaron las autoridades el martes cuando<\/p>\n","protected":false},"author":4,"featured_media":45230,"comment_status":"closed","ping_status":"closed","sticky":false,"template":"","format":"standard","meta":{"colormag_page_container_layout":"default_layout","colormag_page_sidebar_layout":"default_layout","_jetpack_memberships_contains_paid_content":false,"footnotes":"","jetpack_publicize_message":"","jetpack_publicize_feature_enabled":true,"jetpack_social_post_already_shared":true,"jetpack_social_options":{"image_generator_settings":{"template":"highway","default_image_id":0,"font":"","enabled":false},"version":2}},"categories":[355],"tags":[],"class_list":["post-45229","post","type-post","status-publish","format-standard","has-post-thumbnail","hentry","category-internacional"],"jetpack_publicize_connections":[],"jetpack_featured_media_url":"https:\/\/noticiasveracruz.com\/wp-content\/uploads\/2024\/12\/Protestas-Georgia.jpg","jetpack_sharing_enabled":true,"publishpress_future_action":{"enabled":false,"date":"2026-05-08 13:15:39","action":"change-status","newStatus":"draft","terms":[],"taxonomy":"category","extraData":[]},"publishpress_future_workflow_manual_trigger":{"enabledWorkflows":[]},"_links":{"self":[{"href":"https:\/\/noticiasveracruz.com\/index.php\/wp-json\/wp\/v2\/posts\/45229","targetHints":{"allow":["GET"]}}],"collection":[{"href":"https:\/\/noticiasveracruz.com\/index.php\/wp-json\/wp\/v2\/posts"}],"about":[{"href":"https:\/\/noticiasveracruz.com\/index.php\/wp-json\/wp\/v2\/types\/post"}],"author":[{"embeddable":true,"href":"https:\/\/noticiasveracruz.com\/index.php\/wp-json\/wp\/v2\/users\/4"}],"replies":[{"embeddable":true,"href":"https:\/\/noticiasveracruz.com\/index.php\/wp-json\/wp\/v2\/comments?post=45229"}],"version-history":[{"count":0,"href":"https:\/\/noticiasveracruz.com\/index.php\/wp-json\/wp\/v2\/posts\/45229\/revisions"}],"wp:featuredmedia":[{"embeddable":true,"href":"https:\/\/noticiasveracruz.com\/index.php\/wp-json\/wp\/v2\/media\/45230"}],"wp:attachment":[{"href":"https:\/\/noticiasveracruz.com\/index.php\/wp-json\/wp\/v2\/media?parent=45229"}],"wp:term":[{"taxonomy":"category","embeddable":true,"href":"https:\/\/noticiasveracruz.com\/index.php\/wp-json\/wp\/v2\/categories?post=45229"},{"taxonomy":"post_tag","embeddable":true,"href":"https:\/\/noticiasveracruz.com\/index.php\/wp-json\/wp\/v2\/tags?post=45229"}],"curies":[{"name":"wp","href":"https:\/\/api.w.org\/{rel}","templated":true}]}}