{"id":45215,"date":"2024-12-03T12:33:25","date_gmt":"2024-12-03T18:33:25","guid":{"rendered":"https:\/\/noticiasveracruz.com\/?p=45215"},"modified":"2024-12-03T12:33:25","modified_gmt":"2024-12-03T18:33:25","slug":"otro-estilo-de-gobernar","status":"publish","type":"post","link":"https:\/\/noticiasveracruz.com\/index.php\/2024\/12\/03\/otro-estilo-de-gobernar\/","title":{"rendered":"Otro estilo de gobernar"},"content":{"rendered":"<div><span style=\"font-size: 14pt;\">\u00b7\u00a0\u00a0\u00a0\u00a0\u00a0 \u00a0El movimiento y el gobernar se demuestran andando<\/span><\/div>\n<div><span style=\"font-size: 14pt;\">\u00b7\u00a0\u00a0\u00a0\u00a0\u00a0 \u00a0Luego de 50 a\u00f1os de cobro al fin se cancela la caseta del puente Coatzacoalcos 1<\/span><\/div>\n<div><span style=\"font-size: 14pt;\">\u00b7\u00a0\u00a0\u00a0\u00a0\u00a0 \u00a0El cambio se nota desde el primer d\u00eda en la atenci\u00f3n a demandas ciudadanas<\/span><\/div>\n<div><span style=\"font-size: 14pt;\">Por Miguel \u00c1ngel Cristiani G.<\/span><\/div>\n<div><span style=\"font-size: 14pt;\">Confirma Pancho L\u00f3pez el fil\u00f3sofo ateniense xalape\u00f1o la sabidur\u00eda popular de que \u201cel movimiento se demuestra andando\u201d y esto se puede aplicar tambi\u00e9n a la gobernadora del estado de Veracruz, Roc\u00edo Nahle Garc\u00eda quien en el primer d\u00eda de su administraci\u00f3n lo inici\u00f3 con una gira por el sur de la entidad, en donde encabez\u00f3 la mesa de seguridad y luego la clausura de la caseta de cobro del puente Coatzacoalcos 1, que se ven\u00eda cobrando desde hace m\u00e1s de cincuenta a\u00f1os.<\/span><\/div>\n<div><span style=\"font-size: 14pt;\">Lo anterior representa un gran beneficio sobre todo para los miles de trabajadores que a diario, hasta tres veces al d\u00eda, ten\u00eda que pasar pagando por la caseta de cobro, lo que representa ya una mayor derrama econ\u00f3mica para la poblaci\u00f3n en general y para las empresas que tienen que movilizar sus mercanc\u00edas.<\/span><\/div>\n<div><span style=\"font-size: 14pt;\">Tras m\u00e1s de 50 a\u00f1os de cobro, este lunes 2 de diciembre las plumas de la caseta del puente Coatzacoalcos I se encuentran arriba dando el paso libre y gratis a todos los veh\u00edculos. Con esta acci\u00f3n, anunciada previamente por la gobernadora Roc\u00edo Nahle Garc\u00eda, cumple uno de sus compromisos clave de su campa\u00f1a para el sur de Veracruz.<\/span><\/div>\n<div><span style=\"font-size: 14pt;\">\u201cSe cancela la caseta del cobro del puente Coatzacoalcos I, que despu\u00e9s de haber aportado recursos por m\u00e1s de 50 a\u00f1os, se cumple una sentida demanda por todos los ciudadanos del sur de Veracruz. Desde aqu\u00ed agradezco al gobierno de la presidenta Claudia Sheinbaum por el apoyo para llevar a cabo esta acci\u00f3n. El sur ya se lo merec\u00eda\u201d.<\/span><\/div>\n<div><span style=\"font-size: 14pt;\">As\u00ed es como Roc\u00edo Nahle pasa de las promesas o compromisos de la campa\u00f1a pol\u00edtico electoral, a la soluci\u00f3n de los problemas que le fueron planteados durante su recorrido por todo Veracruz, recorrido que ahora se van a volver una forma normal de trabajo, porque habr\u00e1 de iniciar por el sur del estado, pero continuar\u00e1n por todo el territorio, como lo dijo este domingo primero de diciembre, \u201ccon mucha energ\u00eda, con empuje y un claro proyecto de estado. La mandataria reafirm\u00f3 su compromiso de cumplir a las y los veracruzanos mediante acciones concretas y cercanas.<\/span><\/div>\n<div><span style=\"font-size: 14pt;\">Por cierto, que el pasado viernes, vimos a el alcalde de Coatzacoalcos Amado Cruz Malpica, acompa\u00f1ado de dos de sus colabores, haciendo fila para pagar en las cajas de COTSCO, luego de que ya no ser\u00e1 el delegado de Bienestar en la entidad ya que este lunes tambi\u00e9n tom\u00f3 posesi\u00f3n ya en ese puesto el ex diputado y presidente de la Junta de Coordinaci\u00f3n Pol\u00edtica del Congreso local Juan Javier G\u00f3mez Cazar\u00edn, como hab\u00eda venido manej\u00e1ndose.<\/span><\/div>\n<div><span style=\"font-size: 14pt;\">En la primera semana, su agenda incluir\u00e1 actividades en todas las regiones para atender de manera directa las demandas y necesidades de todos los sectores de la poblaci\u00f3n.<\/span><\/div>\n<div><span style=\"font-size: 14pt;\">Porque no ser\u00e1 una mandataria que trabaje detr\u00e1s de un escritorio, sino que ser\u00e1 todo terreno, por tierra recorriendo toda la entidad.<\/span><\/div>\n<div><span style=\"font-size: 14pt;\">Mientras tanto, ac\u00e1 en la capital del estado, en palacio de gobierno, el operador de la pol\u00edtica interna y encargado de la atenci\u00f3n a los problemas y conflictos que se vayan presentando, el Secretario de Gobierno, Ricardo Ahued Bardahuil atendiendo de manera responsable a todos los veracruzanos.<\/span><\/div>\n<div><span style=\"font-size: 14pt;\">Como parte de ese cambio, con el mal tramo recientemente vivido, las puertas del palacio de gobierno vuelven a estar abiertas para atender y resolver a los veracruzanos.<\/span><\/div>\n<div><span style=\"font-size: 14pt;\">As\u00ed este lunes, el subsecretario de Gobierno, Jos\u00e9 Manuel Pozos Castro no solo atendi\u00f3 a las audiencias, sino que baj\u00f3 a las puertas de palacio de gobierno para atender a los grupos que tradicionalmente se manifestaban en demanda de atenci\u00f3n, en la explanada de la Plaza Lerdo, sin que en muchas ocasiones, ni siquiera fueran escuchados.<\/span><\/div>\n<div><span style=\"font-size: 14pt;\">Todo esto se da desde el inicio de la nueva administraci\u00f3n estatal, en la que el equipo pol\u00edtico de la gobernadora Roc\u00edo Nahle Garc\u00eda tiene demostrada capacidad y experiencia para atender y resolver los asuntos de la administraci\u00f3n P\u00fablica.<\/span><\/div>\n<div><span style=\"font-size: 14pt;\">Mientras tanto en los medios de comunicaci\u00f3n nacionales empiezan a tupirle duro al ex gobernador Cuitl\u00e1huac Garc\u00eda Jim\u00e9nez a quien en el peri\u00f3dico Reforma le dicen:<\/span><\/div>\n<div><span style=\"font-size: 14pt;\">\u00a0DESV\u00cdO DE RECURSOS, pago a empresas fantasma, manejo pol\u00edtico-electoral del aparato de justicia, crisis de inseguridad p\u00fablica y persecuci\u00f3n judicial de opositores, son s\u00f3lo algunos de los \u00abrecuerdos\u00bb que deja Cuitl\u00e1huac Garc\u00eda a su paso por el gobierno de Veracruz.<\/span><\/div>\n<div><span style=\"font-size: 14pt;\">\u00a0NO PORQUE estuviera largamente anunciado, deja de ser sorprendente que la presidenta Claudia Sheinbaum lo invite a su gabinete. \u00bfQu\u00e9 es lo que aportar\u00e1 al nuevo gobierno el ahora ex mandatario jarocho? Ese es un gran misterio.<\/span><\/div>\n<div><span style=\"font-size: 14pt;\">\u00a0ES CLARO que no lo pueden poner donde tenga que manejar n\u00fameros, ni finanzas. Tampoco se le ve arremang\u00e1ndose la camisa para echar chapopote en las carreteras. Si realmente el equipo presidencial se va a integrar con especialistas en cada \u00e1rea, quiz\u00e1s a Cuitl\u00e1huac lo hagan director de la Compa\u00f1\u00eda Nacional de Danza. Porque le sabe dar al zapatazo y se llev\u00f3 a Veracruz al baile.<\/span><\/div>\n<div><span style=\"font-size: 14pt;\">Por su parte, Joaqu\u00edn L\u00f3pez D\u00f3riga le comenta:<\/span><\/div>\n<div><span style=\"font-size: 14pt;\">1.- FICHAJE. Pues ya viene al Gobierno federal ese destacado intelectual de izquierda, Cuitl\u00e1huac Garc\u00eda, tras registrarse como uno de los peores gobernadores de Veracruz. A ver qu\u00e9 le dan. Sigue pendiente el ide\u00f3logo de la salud, Hugo L\u00f3pez-Cattell, al que en Palenque no quieren\u00a0\u00a0dejar sin empleo;<\/span><\/div>\n<div><span style=\"font-size: 14pt;\">3.- RECLAMO. La magistrada Julia Mar\u00eda del Carmen Garc\u00eda denunci\u00f3 que hay indicios de corrupci\u00f3n en la cancelaci\u00f3n de las \u00f3rdenes de aprehensi\u00f3n contra el senador, y hoy morenista, Miguel \u00c1ngel Yunes M\u00e1rquez. La pregunta es sencilla: \u00bfQui\u00e9n dio la orden a la Fiscal\u00eda de Veracruz? A ver qu\u00e9 dice la nueva gobernadora, Roc\u00edo Nahle.<\/span><\/div>\n","protected":false},"excerpt":{"rendered":"<p>\u00b7\u00a0\u00a0\u00a0\u00a0\u00a0 \u00a0El movimiento y el gobernar se demuestran andando \u00b7\u00a0\u00a0\u00a0\u00a0\u00a0 \u00a0Luego de 50 a\u00f1os de cobro al fin se cancela<\/p>\n","protected":false},"author":4,"featured_media":29037,"comment_status":"closed","ping_status":"closed","sticky":false,"template":"","format":"standard","meta":{"colormag_page_container_layout":"default_layout","colormag_page_sidebar_layout":"default_layout","_jetpack_memberships_contains_paid_content":false,"footnotes":"","jetpack_publicize_message":"","jetpack_publicize_feature_enabled":true,"jetpack_social_post_already_shared":true,"jetpack_social_options":{"image_generator_settings":{"template":"highway","default_image_id":0,"font":"","enabled":false},"version":2}},"categories":[6],"tags":[],"class_list":["post-45215","post","type-post","status-publish","format-standard","has-post-thumbnail","hentry","category-columnistas"],"jetpack_publicize_connections":[],"jetpack_featured_media_url":"https:\/\/noticiasveracruz.com\/wp-content\/uploads\/2024\/04\/BANNER-cristiani-NV.jpg","jetpack_sharing_enabled":true,"publishpress_future_action":{"enabled":false,"date":"2026-05-10 02:30:32","action":"change-status","newStatus":"draft","terms":[],"taxonomy":"category","extraData":[]},"publishpress_future_workflow_manual_trigger":{"enabledWorkflows":[]},"_links":{"self":[{"href":"https:\/\/noticiasveracruz.com\/index.php\/wp-json\/wp\/v2\/posts\/45215","targetHints":{"allow":["GET"]}}],"collection":[{"href":"https:\/\/noticiasveracruz.com\/index.php\/wp-json\/wp\/v2\/posts"}],"about":[{"href":"https:\/\/noticiasveracruz.com\/index.php\/wp-json\/wp\/v2\/types\/post"}],"author":[{"embeddable":true,"href":"https:\/\/noticiasveracruz.com\/index.php\/wp-json\/wp\/v2\/users\/4"}],"replies":[{"embeddable":true,"href":"https:\/\/noticiasveracruz.com\/index.php\/wp-json\/wp\/v2\/comments?post=45215"}],"version-history":[{"count":0,"href":"https:\/\/noticiasveracruz.com\/index.php\/wp-json\/wp\/v2\/posts\/45215\/revisions"}],"wp:featuredmedia":[{"embeddable":true,"href":"https:\/\/noticiasveracruz.com\/index.php\/wp-json\/wp\/v2\/media\/29037"}],"wp:attachment":[{"href":"https:\/\/noticiasveracruz.com\/index.php\/wp-json\/wp\/v2\/media?parent=45215"}],"wp:term":[{"taxonomy":"category","embeddable":true,"href":"https:\/\/noticiasveracruz.com\/index.php\/wp-json\/wp\/v2\/categories?post=45215"},{"taxonomy":"post_tag","embeddable":true,"href":"https:\/\/noticiasveracruz.com\/index.php\/wp-json\/wp\/v2\/tags?post=45215"}],"curies":[{"name":"wp","href":"https:\/\/api.w.org\/{rel}","templated":true}]}}