{"id":45212,"date":"2024-12-03T12:32:06","date_gmt":"2024-12-03T18:32:06","guid":{"rendered":"https:\/\/noticiasveracruz.com\/?p=45212"},"modified":"2024-12-03T12:32:06","modified_gmt":"2024-12-03T18:32:06","slug":"concierto-n-1-para-piano-de-chopin-polonia-en-mexico","status":"publish","type":"post","link":"https:\/\/noticiasveracruz.com\/index.php\/2024\/12\/03\/concierto-n-1-para-piano-de-chopin-polonia-en-mexico\/","title":{"rendered":"Concierto n.\u00b0 1 para piano de Chopin \u201cPolonia en M\u00e9xico\u201d"},"content":{"rendered":"<ul>\n<li><span style=\"font-size: 14pt;\">Szymon Nehring, piano, y Pavel Przytocki, director invitado<\/span><\/li>\n<li><span style=\"font-size: 14pt;\">Estreno en Xalapa: Sinfon\u00eda n.\u00b0 2 de Szymanowsky<\/span><\/li>\n<\/ul>\n<p><span style=\"font-size: 14pt;\">La Orquesta Sinf\u00f3nica de Xalapa presenta el concierto \u201cPolonia en M\u00e9xico\u201d con artistas y obras polacas, para abrir su agenda musical de diciembre. Con la Obertura de la \u00f3pera \u201cHalka\u201d de Stanis\u0142aw Moniuszko, el Concierto para piano n.\u00b0 1 de Fr\u00e9d\u00e9rick Chopin, y el estreno en Xalapa de la Sinfon\u00eda n.\u00b0 2 de Karol Szymanowski. Con la participaci\u00f3n estelar del pianista polaco, Szymon Nehring; y Pavel Przytocki, director polaco invitado.<\/span><br \/>\n<span style=\"font-size: 14pt;\">Este concierto se realizar\u00e1 el viernes 6 de diciembre de 2024 a las 20:00 h desde Tlaqn\u00e1, Centro Cultural. <\/span><\/p>\n<p><span style=\"font-size: 14pt;\">\u201cHalka\u201d pas\u00f3 de ser un fracaso en su estreno (1854), a tener un lugar de honor perpetuo en el repertorio musical polaco. Creada en colaboraci\u00f3n con el poeta radical W\u0142odzimierz Wolski, dio como resultado una \u00f3pera de dos actos de la cual deriv\u00f3 esta obertura. Tras una afortunada revisi\u00f3n por parte de Moniuszko, y un segundo estreno en 1858, su \u00e9xito fue avasallador y contin\u00faa si\u00e9ndolo hasta nuestros d\u00edas.<\/span><\/p>\n<p><span style=\"font-size: 14pt;\">El Concierto para piano n.\u00b0 1 de Chopin, en realidad finalizado despu\u00e9s que el n.\u00b0 2, fue compuesto en 1830 y estrenado ese mismo a\u00f1o en el Teatro Nacional de Varsovia. Chopin rindi\u00f3 homenaje a su tierra natal con una \u201cpolca\u201d representada al final del mismo, siendo la \u00faltima obra que compuso antes de abandonar Polonia.<\/span><\/p>\n<p><span style=\"font-size: 14pt;\">Terminada en 1910, la Sinfon\u00eda n. \u00ba 2 de Karol Szymanovsky, logr\u00f3 el \u00e9xito internacional de su autor. Expresada con un estilo crom\u00e1tico y contrastante pero de tono general emotivo y dram\u00e1tico. El primero en hacer m\u00fasica de g\u00e9nero sinf\u00f3nico, es reconocido junto con Chopin como restauradores de la m\u00fasica polaca.<\/span><\/p>\n<p><span style=\"font-size: 14pt;\">Szymon Nehring, solista invitado, es considerado como el pianista m\u00e1s talentoso y prometedor de su generaci\u00f3n en Polonia. Es el \u00fanico polaco que ha ganado el primer premio en el Concurso Internacional de Piano Arthur Rubinstein en Tel Aviv (2017). Tambi\u00e9n fue finalista del Concurso Chopin en Varsovia con tan solo 18 a\u00f1os. Ha lanzado numerosos discos, tanto en recital como con orquesta, incluyendo los dos conciertos para piano de Chopin bajo la direcci\u00f3n de K. Penderecki.<\/span><\/p>\n<p><span style=\"font-size: 14pt;\">Pavel Przytocki, director invitado del concierto, Es uno de los directores polacos m\u00e1s talentosos de su generaci\u00f3n. Estudi\u00f3 en la Academia de M\u00fasica de Cracovia, donde se gradu\u00f3 con honores en la Facultad de Direcci\u00f3n (1985) con el profesor Jerzy Katlewicz. Perfeccion\u00f3 sus habilidades en el Seminario Internacional Bartok con Peter E\u00f6tv\u00f6s, el Curso de Direcci\u00f3n Magistral dentro del Festival Bach de Oreg\u00f3n en Eugene con Helmuth Rilling.<\/span><\/p>\n<p><span style=\"font-size: 14pt;\">Asiste a la Charla de Concierto previa a las 19:00 h desde la Sala Did\u00e1ctica de Tlaqn\u00e1, Centro Cultural. Este viernes con la presencia del ponente, el Dr. Enrique Salmer\u00f3n, Acad\u00e9mico de la Universidad Veracruzana.<\/span><\/p>\n<p><span style=\"font-size: 14pt;\">Adem\u00e1s, se invita al recorrido de la Exposici\u00f3n de Carteles \u201c95\u00b0 Aniversario OSX y 80\u00b0 Aniversario UV, In memoriam Wiktor G\u00f3rka\u201d, realizada por 40 artistas mexicanos y 40 artistas polacos. Dicha exposici\u00f3n permanecer\u00e1 dos semanas en el mezzanine de Tlaqn\u00e1, Centro Cultural. Realizada en colaboraci\u00f3n con la Embajada de la Rep\u00fablica de Polonia en M\u00e9xico, la Universidad An\u00e1huac Veracruz campus Xalapa, la Bienal Internacional del Cartel en M\u00e9xico, Formato Libre y Fundaci\u00f3n UV.<\/span><\/p>\n","protected":false},"excerpt":{"rendered":"<p>Szymon Nehring, piano, y Pavel Przytocki, director invitado Estreno en Xalapa: Sinfon\u00eda n.\u00b0 2 de Szymanowsky La Orquesta Sinf\u00f3nica de<\/p>\n","protected":false},"author":4,"featured_media":45213,"comment_status":"closed","ping_status":"closed","sticky":false,"template":"","format":"standard","meta":{"colormag_page_container_layout":"default_layout","colormag_page_sidebar_layout":"default_layout","_jetpack_memberships_contains_paid_content":false,"footnotes":"","jetpack_publicize_message":"","jetpack_publicize_feature_enabled":true,"jetpack_social_post_already_shared":true,"jetpack_social_options":{"image_generator_settings":{"template":"highway","default_image_id":0,"font":"","enabled":false},"version":2}},"categories":[358],"tags":[],"class_list":["post-45212","post","type-post","status-publish","format-standard","has-post-thumbnail","hentry","category-cultura"],"jetpack_publicize_connections":[],"jetpack_featured_media_url":"https:\/\/noticiasveracruz.com\/wp-content\/uploads\/2024\/12\/Pavel-Przytocki.jpg","jetpack_sharing_enabled":true,"publishpress_future_action":{"enabled":false,"date":"2026-05-07 23:59:16","action":"change-status","newStatus":"draft","terms":[],"taxonomy":"category","extraData":[]},"publishpress_future_workflow_manual_trigger":{"enabledWorkflows":[]},"_links":{"self":[{"href":"https:\/\/noticiasveracruz.com\/index.php\/wp-json\/wp\/v2\/posts\/45212","targetHints":{"allow":["GET"]}}],"collection":[{"href":"https:\/\/noticiasveracruz.com\/index.php\/wp-json\/wp\/v2\/posts"}],"about":[{"href":"https:\/\/noticiasveracruz.com\/index.php\/wp-json\/wp\/v2\/types\/post"}],"author":[{"embeddable":true,"href":"https:\/\/noticiasveracruz.com\/index.php\/wp-json\/wp\/v2\/users\/4"}],"replies":[{"embeddable":true,"href":"https:\/\/noticiasveracruz.com\/index.php\/wp-json\/wp\/v2\/comments?post=45212"}],"version-history":[{"count":0,"href":"https:\/\/noticiasveracruz.com\/index.php\/wp-json\/wp\/v2\/posts\/45212\/revisions"}],"wp:featuredmedia":[{"embeddable":true,"href":"https:\/\/noticiasveracruz.com\/index.php\/wp-json\/wp\/v2\/media\/45213"}],"wp:attachment":[{"href":"https:\/\/noticiasveracruz.com\/index.php\/wp-json\/wp\/v2\/media?parent=45212"}],"wp:term":[{"taxonomy":"category","embeddable":true,"href":"https:\/\/noticiasveracruz.com\/index.php\/wp-json\/wp\/v2\/categories?post=45212"},{"taxonomy":"post_tag","embeddable":true,"href":"https:\/\/noticiasveracruz.com\/index.php\/wp-json\/wp\/v2\/tags?post=45212"}],"curies":[{"name":"wp","href":"https:\/\/api.w.org\/{rel}","templated":true}]}}