{"id":45206,"date":"2024-12-03T00:03:47","date_gmt":"2024-12-03T06:03:47","guid":{"rendered":"https:\/\/noticiasveracruz.com\/?p=45206"},"modified":"2024-12-02T21:06:04","modified_gmt":"2024-12-03T03:06:04","slug":"mejoran-ventas-en-mercados","status":"publish","type":"post","link":"https:\/\/noticiasveracruz.com\/index.php\/2024\/12\/03\/mejoran-ventas-en-mercados\/","title":{"rendered":"Mejoran ventas en mercados"},"content":{"rendered":"<p><span style=\"font-size: 14pt;\">La dirigente de puestos fijos y semifijos y locataria del mercado H\u00e9roes del 47, Martha M\u00e9ndez San Mart\u00edn, inform\u00f3 que el a\u00f1o cierra con buenas expectativas en cuanto a ventas de art\u00edculos decembrinos.<\/span><\/p>\n<p><span style=\"font-size: 14pt;\">Seg\u00fan M\u00e9ndez San Mart\u00edn, productos como trajes para desfiles y festivales navide\u00f1os est\u00e1n teniendo muy buena salida para ni\u00f1os, j\u00f3venes y adultos. Adem\u00e1s, las luces navide\u00f1as, esferas, nacimientos y otros art\u00edculos tienen fuerte demanda entre los locatarios y puestos semifijos.<\/span><\/p>\n<p><span style=\"font-size: 14pt;\">La dirigente destac\u00f3 que los locatarios tienen la confianza de que los cr\u00e9ditos solicitados para la mercanc\u00eda podr\u00e1n ser pagados y se obtendr\u00e1n ganancias. Tambi\u00e9n mencion\u00f3 que quienes se surtieron de juguetes est\u00e1n a la espera de la quincena para recibir a padres de familia en busca de regalos para sus hijos.<\/span><\/p>\n<p><span style=\"font-size: 14pt;\">M\u00e9ndez San Mart\u00edn agreg\u00f3 que los locatarios tendr\u00edan sus \u00faltimas compras navide\u00f1as en la primera semana de enero, por el D\u00eda de Reyes, en donde tambi\u00e9n se incrementan las ventas.<\/span><\/p>\n<p><span style=\"font-size: 14pt;\">Finalmente, la dirigente pidi\u00f3 a la poblaci\u00f3n acudir a realizar compras con los locatarios de mercados, toda vez que son mercanc\u00edas mexicanas y con ello se apoya a la econom\u00eda de cientos de familias, adem\u00e1s de que asegur\u00f3 cuenta con calidad y buenos precios.<\/span><\/p>\n<p><span style=\"font-size: 14pt;\">La dirigente invit\u00f3 a la poblaci\u00f3n a visitar el mercado H\u00e9roes del 47 y aprovechar las ofertas y descuentos que se ofrecen durante la temporada navide\u00f1a, asegurando que encontrar\u00e1n todo lo necesario para celebrar las fiestas de fin de a\u00f1o con estilo y alegr\u00eda.<\/span><\/p>\n","protected":false},"excerpt":{"rendered":"<p>La dirigente de puestos fijos y semifijos y locataria del mercado H\u00e9roes del 47, Martha M\u00e9ndez San Mart\u00edn, inform\u00f3 que<\/p>\n","protected":false},"author":4,"featured_media":45207,"comment_status":"closed","ping_status":"closed","sticky":false,"template":"","format":"standard","meta":{"colormag_page_container_layout":"default_layout","colormag_page_sidebar_layout":"default_layout","_jetpack_memberships_contains_paid_content":false,"footnotes":"","jetpack_publicize_message":"","jetpack_publicize_feature_enabled":true,"jetpack_social_post_already_shared":true,"jetpack_social_options":{"image_generator_settings":{"template":"highway","default_image_id":0,"font":"","enabled":false},"version":2}},"categories":[356],"tags":[],"class_list":["post-45206","post","type-post","status-publish","format-standard","has-post-thumbnail","hentry","category-veracruz"],"jetpack_publicize_connections":[],"jetpack_featured_media_url":"https:\/\/noticiasveracruz.com\/wp-content\/uploads\/2024\/12\/6a.jpg","jetpack_sharing_enabled":true,"publishpress_future_action":{"enabled":false,"date":"2026-05-08 10:20:24","action":"change-status","newStatus":"draft","terms":[],"taxonomy":"category","extraData":[]},"publishpress_future_workflow_manual_trigger":{"enabledWorkflows":[]},"_links":{"self":[{"href":"https:\/\/noticiasveracruz.com\/index.php\/wp-json\/wp\/v2\/posts\/45206","targetHints":{"allow":["GET"]}}],"collection":[{"href":"https:\/\/noticiasveracruz.com\/index.php\/wp-json\/wp\/v2\/posts"}],"about":[{"href":"https:\/\/noticiasveracruz.com\/index.php\/wp-json\/wp\/v2\/types\/post"}],"author":[{"embeddable":true,"href":"https:\/\/noticiasveracruz.com\/index.php\/wp-json\/wp\/v2\/users\/4"}],"replies":[{"embeddable":true,"href":"https:\/\/noticiasveracruz.com\/index.php\/wp-json\/wp\/v2\/comments?post=45206"}],"version-history":[{"count":0,"href":"https:\/\/noticiasveracruz.com\/index.php\/wp-json\/wp\/v2\/posts\/45206\/revisions"}],"wp:featuredmedia":[{"embeddable":true,"href":"https:\/\/noticiasveracruz.com\/index.php\/wp-json\/wp\/v2\/media\/45207"}],"wp:attachment":[{"href":"https:\/\/noticiasveracruz.com\/index.php\/wp-json\/wp\/v2\/media?parent=45206"}],"wp:term":[{"taxonomy":"category","embeddable":true,"href":"https:\/\/noticiasveracruz.com\/index.php\/wp-json\/wp\/v2\/categories?post=45206"},{"taxonomy":"post_tag","embeddable":true,"href":"https:\/\/noticiasveracruz.com\/index.php\/wp-json\/wp\/v2\/tags?post=45206"}],"curies":[{"name":"wp","href":"https:\/\/api.w.org\/{rel}","templated":true}]}}