{"id":45200,"date":"2024-12-03T00:01:07","date_gmt":"2024-12-03T06:01:07","guid":{"rendered":"https:\/\/noticiasveracruz.com\/?p=45200"},"modified":"2024-12-02T21:03:26","modified_gmt":"2024-12-03T03:03:26","slug":"el-alcalde-dr-jesus-fomperoza-torres-realizo-recorridos-de-atencion-ciudadana-en-la-localidad-san-antonio-y-las-colonias-insurgentes-el-retiro-y-cenecista","status":"publish","type":"post","link":"https:\/\/noticiasveracruz.com\/index.php\/2024\/12\/03\/el-alcalde-dr-jesus-fomperoza-torres-realizo-recorridos-de-atencion-ciudadana-en-la-localidad-san-antonio-y-las-colonias-insurgentes-el-retiro-y-cenecista\/","title":{"rendered":"El alcalde Dr. Jes\u00fas Fomperoza Torres realiz\u00f3 recorridos de atenci\u00f3n ciudadana en la localidad San Antonio y las colonias Insurgentes, El Retiro y Cenecista"},"content":{"rendered":"<p><span style=\"font-size: 14pt;\">El alcalde Dr. Jes\u00fas Fomperoza Torres; el superintendente de la Central Termoel\u00e9ctrica Adolfo L\u00f3pez Mateos, Ing. Miguel \u00c1ngel M\u00e1rquez; el secretario t\u00e9cnico Juan Pablo Alc\u00e1ntar Alvarado y Jes\u00fas Carballo Serrano, director de Desarrollo Social, participaron en una mesa de dialogo con habitantes de la localidad San Antonio.<\/span><\/p>\n<p><span style=\"font-size: 14pt;\">Tambi\u00e9n estuvieron presentes el subagente municipal Abel P\u00e9rez Amador, la Sra. Erika Aida Crist\u00f3bal S\u00e1nchez y el Sr. Jos\u00e9 Luis Arregoitia Hern\u00e1ndez, representantes de vecinas y vecinos.<\/span><\/p>\n<p><span style=\"font-size: 14pt;\">En la reuni\u00f3n, el alcalde inform\u00f3 que desde temprana hora de este lunes cuadrillas del Ayuntamiento y de Comisi\u00f3n Federal de Electricidad iniciaron la limpieza de los laterales de la carretera a la termoel\u00e9ctrica, para que los vecinos de la zona puedan transitar con m\u00e1s seguridad.<\/span><\/p>\n<p><span style=\"font-size: 14pt;\">Fomperoza Torres mencion\u00f3 que la Direcci\u00f3n de Tr\u00e1nsito Municipal ya est\u00e1 realizando un estudio de factibilidad para la instalaci\u00f3n de reductores de velocidad (topes y vibradores) y de la se\u00f1al\u00e9tica adecuada, para que los conductores manejen con m\u00e1s precauci\u00f3n.<\/span><\/p>\n<p><span style=\"font-size: 14pt;\">En tanto se concluyan estos trabajos, se mantendr\u00e1 un operativo de tr\u00e1nsito como apoyo a los peatones y automovilistas.<\/span><\/p>\n<p><span style=\"font-size: 14pt;\">Al recorrer las calles del sector, se determin\u00f3 que se mejorar\u00e1n las condiciones de las calles y los accesos a la playa.<\/span><\/p>\n<p><span style=\"font-size: 14pt;\">Por su parte, los representantes de CFE se comprometieron a reparar el transformador de la comunidad y a mejorar la iluminaci\u00f3n para que los conductores tengan una mayor visibilidad.<\/span><\/p>\n<p><span style=\"font-size: 14pt;\">Posteriormente, acompa\u00f1ado de la regidora Maryanela Monroy Flores; del Oficial Mayor, Daniel Francisco Hern\u00e1ndez y del titular de la CAEV, Jorge Alberto Vargas Chavelo, se traslad\u00f3 a las calles Ignacio Allende, Francisco I. Madero, Miguel Hidalgo y Francisco Villa, de la colonia Insurgentes, para atender las solicitudes de las y los vecinos, principalmente en materia de saneamiento y rehabilitaci\u00f3n de vialidades.<\/span><\/p>\n<p><span style=\"font-size: 14pt;\">En las calles 1\u00ba de Septiembre y 16 de Septiembre, de la colonia El Retiro, y Javier Rojo G\u00f3mez, de la colonia Cenecista, las solicitudes consistieron en desazolve de drenajes, reparaci\u00f3n de v\u00edas, pavimentaci\u00f3n y construcci\u00f3n de guarniciones y banquetas.<\/span><\/p>\n","protected":false},"excerpt":{"rendered":"<p>El alcalde Dr. Jes\u00fas Fomperoza Torres; el superintendente de la Central Termoel\u00e9ctrica Adolfo L\u00f3pez Mateos, Ing. Miguel \u00c1ngel M\u00e1rquez; el<\/p>\n","protected":false},"author":4,"featured_media":45201,"comment_status":"closed","ping_status":"closed","sticky":false,"template":"","format":"standard","meta":{"colormag_page_container_layout":"default_layout","colormag_page_sidebar_layout":"default_layout","_jetpack_memberships_contains_paid_content":false,"footnotes":"","jetpack_publicize_message":"","jetpack_publicize_feature_enabled":true,"jetpack_social_post_already_shared":true,"jetpack_social_options":{"image_generator_settings":{"template":"highway","default_image_id":0,"font":"","enabled":false},"version":2}},"categories":[3372,356],"tags":[],"class_list":["post-45200","post","type-post","status-publish","format-standard","has-post-thumbnail","hentry","category-gobierno-tuxpan","category-veracruz"],"jetpack_publicize_connections":[],"jetpack_featured_media_url":"https:\/\/noticiasveracruz.com\/wp-content\/uploads\/2024\/12\/63bc1168-9a40-4b8b-9edb-1a7a80cb853f.jpg","jetpack_sharing_enabled":true,"publishpress_future_action":{"enabled":false,"date":"2026-05-08 08:40:23","action":"change-status","newStatus":"draft","terms":[],"taxonomy":"category","extraData":[]},"publishpress_future_workflow_manual_trigger":{"enabledWorkflows":[]},"_links":{"self":[{"href":"https:\/\/noticiasveracruz.com\/index.php\/wp-json\/wp\/v2\/posts\/45200","targetHints":{"allow":["GET"]}}],"collection":[{"href":"https:\/\/noticiasveracruz.com\/index.php\/wp-json\/wp\/v2\/posts"}],"about":[{"href":"https:\/\/noticiasveracruz.com\/index.php\/wp-json\/wp\/v2\/types\/post"}],"author":[{"embeddable":true,"href":"https:\/\/noticiasveracruz.com\/index.php\/wp-json\/wp\/v2\/users\/4"}],"replies":[{"embeddable":true,"href":"https:\/\/noticiasveracruz.com\/index.php\/wp-json\/wp\/v2\/comments?post=45200"}],"version-history":[{"count":0,"href":"https:\/\/noticiasveracruz.com\/index.php\/wp-json\/wp\/v2\/posts\/45200\/revisions"}],"wp:featuredmedia":[{"embeddable":true,"href":"https:\/\/noticiasveracruz.com\/index.php\/wp-json\/wp\/v2\/media\/45201"}],"wp:attachment":[{"href":"https:\/\/noticiasveracruz.com\/index.php\/wp-json\/wp\/v2\/media?parent=45200"}],"wp:term":[{"taxonomy":"category","embeddable":true,"href":"https:\/\/noticiasveracruz.com\/index.php\/wp-json\/wp\/v2\/categories?post=45200"},{"taxonomy":"post_tag","embeddable":true,"href":"https:\/\/noticiasveracruz.com\/index.php\/wp-json\/wp\/v2\/tags?post=45200"}],"curies":[{"name":"wp","href":"https:\/\/api.w.org\/{rel}","templated":true}]}}