{"id":45194,"date":"2024-12-03T00:17:04","date_gmt":"2024-12-03T06:17:04","guid":{"rendered":"https:\/\/noticiasveracruz.com\/?p=45194"},"modified":"2024-12-02T20:59:55","modified_gmt":"2024-12-03T02:59:55","slug":"a-mexico-se-le-respeta-y-mas-por-nuestros-socios-sheinbaum-sobre-comentarios-de-canada","status":"publish","type":"post","link":"https:\/\/noticiasveracruz.com\/index.php\/2024\/12\/03\/a-mexico-se-le-respeta-y-mas-por-nuestros-socios-sheinbaum-sobre-comentarios-de-canada\/","title":{"rendered":"A M\u00e9xico se le respeta y m\u00e1s por nuestros socios: Sheinbaum sobre comentarios de Canad\u00e1"},"content":{"rendered":"<p><span style=\"font-size: 14pt;\">La\u00a0presidenta Claudia Sheinbaum\u00a0dijo que\u00a0\u201ca M\u00e9xico se le respeta y m\u00e1s por nuestros socios comerciales\u201d,\u00a0esto luego de las declaraciones de la embajadora de Canad\u00e1 en Washington, Kirsten Hillman, sobre la\u00a0reuni\u00f3n\u00a0entre el\u00a0primer ministro Justin Trudeau y Donald Trump,\u00a0donde pidieron al presidente electo de EU\u00a0no comparar a su pa\u00eds con M\u00e9xico.<\/span><\/p>\n<p><span style=\"font-size: 14pt;\">\u201cNo vamos a caer en provocaci\u00f3n de qu\u00e9 pa\u00eds es mejor, a M\u00e9xico se le respeta y m\u00e1s por nuestros socios comerciales, somos un grandioso pa\u00eds, con enormes riquezas, con nuestras problem\u00e1ticas que estamos atendiendo y un presente y futuro promisorio\u201d, afirm\u00f3 la mandataria en la conferencia matutina.<\/span><\/p>\n","protected":false},"excerpt":{"rendered":"<p>La\u00a0presidenta Claudia Sheinbaum\u00a0dijo que\u00a0\u201ca M\u00e9xico se le respeta y m\u00e1s por nuestros socios comerciales\u201d,\u00a0esto luego de las declaraciones de la<\/p>\n","protected":false},"author":4,"featured_media":45195,"comment_status":"closed","ping_status":"closed","sticky":false,"template":"","format":"standard","meta":{"colormag_page_container_layout":"default_layout","colormag_page_sidebar_layout":"default_layout","_jetpack_memberships_contains_paid_content":false,"footnotes":"","jetpack_publicize_message":"","jetpack_publicize_feature_enabled":true,"jetpack_social_post_already_shared":true,"jetpack_social_options":{"image_generator_settings":{"template":"highway","default_image_id":0,"font":"","enabled":false},"version":2}},"categories":[4],"tags":[],"class_list":["post-45194","post","type-post","status-publish","format-standard","has-post-thumbnail","hentry","category-nacional"],"jetpack_publicize_connections":[],"jetpack_featured_media_url":"https:\/\/noticiasveracruz.com\/wp-content\/uploads\/2024\/12\/Presidenta-Claudia-Sheinbaum.jpg","jetpack_sharing_enabled":true,"publishpress_future_action":{"enabled":false,"date":"2026-05-10 06:45:54","action":"change-status","newStatus":"draft","terms":[],"taxonomy":"category","extraData":[]},"publishpress_future_workflow_manual_trigger":{"enabledWorkflows":[]},"_links":{"self":[{"href":"https:\/\/noticiasveracruz.com\/index.php\/wp-json\/wp\/v2\/posts\/45194","targetHints":{"allow":["GET"]}}],"collection":[{"href":"https:\/\/noticiasveracruz.com\/index.php\/wp-json\/wp\/v2\/posts"}],"about":[{"href":"https:\/\/noticiasveracruz.com\/index.php\/wp-json\/wp\/v2\/types\/post"}],"author":[{"embeddable":true,"href":"https:\/\/noticiasveracruz.com\/index.php\/wp-json\/wp\/v2\/users\/4"}],"replies":[{"embeddable":true,"href":"https:\/\/noticiasveracruz.com\/index.php\/wp-json\/wp\/v2\/comments?post=45194"}],"version-history":[{"count":0,"href":"https:\/\/noticiasveracruz.com\/index.php\/wp-json\/wp\/v2\/posts\/45194\/revisions"}],"wp:featuredmedia":[{"embeddable":true,"href":"https:\/\/noticiasveracruz.com\/index.php\/wp-json\/wp\/v2\/media\/45195"}],"wp:attachment":[{"href":"https:\/\/noticiasveracruz.com\/index.php\/wp-json\/wp\/v2\/media?parent=45194"}],"wp:term":[{"taxonomy":"category","embeddable":true,"href":"https:\/\/noticiasveracruz.com\/index.php\/wp-json\/wp\/v2\/categories?post=45194"},{"taxonomy":"post_tag","embeddable":true,"href":"https:\/\/noticiasveracruz.com\/index.php\/wp-json\/wp\/v2\/tags?post=45194"}],"curies":[{"name":"wp","href":"https:\/\/api.w.org\/{rel}","templated":true}]}}