{"id":45168,"date":"2024-12-03T00:07:21","date_gmt":"2024-12-03T06:07:21","guid":{"rendered":"https:\/\/noticiasveracruz.com\/?p=45168"},"modified":"2024-12-02T19:09:52","modified_gmt":"2024-12-03T01:09:52","slug":"investigacion-aplicada-crece-en-jalisco-con-programa-de-la-ciencia-al-mercado","status":"publish","type":"post","link":"https:\/\/noticiasveracruz.com\/index.php\/2024\/12\/03\/investigacion-aplicada-crece-en-jalisco-con-programa-de-la-ciencia-al-mercado\/","title":{"rendered":"Investigaci\u00f3n aplicada crece en Jalisco con programa \u00abDe la ciencia al mercado\u00bb"},"content":{"rendered":"<p><span style=\"font-size: 14pt;\">Debido a que han contribuido a generar soluciones para mejorar la calidad de vida de la poblaci\u00f3n y a aumentar la competitividad y el desarrollo econ\u00f3mico del estado, cada vez m\u00e1s cient\u00edficos de\u00a0Jalisco\u00a0participan en el programa \u00abDe la ciencia al mercado\u00bb implementado por la Secretar\u00eda de Innovaci\u00f3n, Ciencia y Tecnolog\u00eda (SICyT) de la mano con el Tecnol\u00f3gico de Monterrey.<\/span><\/p>\n<p><span style=\"font-size: 14pt;\">\u00abEs ah\u00ed donde se est\u00e1 diferenciando el tener investigaci\u00f3n b\u00e1sica a tener investigaci\u00f3n aplicada y desarrollo tecnol\u00f3gico\u00bb, coment\u00f3 a El Economista, Odille S\u00e1nchez, l\u00edder del Centro de Excelencia de Emprendimiento de Base Cient\u00edfica y Tecnol\u00f3gica del Instituto de Emprendimiento del Tec de Monterrey.<\/span><\/p>\n","protected":false},"excerpt":{"rendered":"<p>Debido a que han contribuido a generar soluciones para mejorar la calidad de vida de la poblaci\u00f3n y a aumentar<\/p>\n","protected":false},"author":4,"featured_media":45169,"comment_status":"closed","ping_status":"closed","sticky":false,"template":"","format":"standard","meta":{"colormag_page_container_layout":"default_layout","colormag_page_sidebar_layout":"default_layout","_jetpack_memberships_contains_paid_content":false,"footnotes":"","jetpack_publicize_message":"","jetpack_publicize_feature_enabled":true,"jetpack_social_post_already_shared":true,"jetpack_social_options":{"image_generator_settings":{"template":"highway","default_image_id":0,"font":"","enabled":false},"version":2}},"categories":[145],"tags":[],"class_list":["post-45168","post","type-post","status-publish","format-standard","has-post-thumbnail","hentry","category-estados"],"jetpack_publicize_connections":[],"jetpack_featured_media_url":"https:\/\/noticiasveracruz.com\/wp-content\/uploads\/2024\/12\/66edb4293c5b6.jpeg","jetpack_sharing_enabled":true,"publishpress_future_action":{"enabled":false,"date":"2026-05-08 13:52:04","action":"change-status","newStatus":"draft","terms":[],"taxonomy":"category","extraData":[]},"publishpress_future_workflow_manual_trigger":{"enabledWorkflows":[]},"_links":{"self":[{"href":"https:\/\/noticiasveracruz.com\/index.php\/wp-json\/wp\/v2\/posts\/45168","targetHints":{"allow":["GET"]}}],"collection":[{"href":"https:\/\/noticiasveracruz.com\/index.php\/wp-json\/wp\/v2\/posts"}],"about":[{"href":"https:\/\/noticiasveracruz.com\/index.php\/wp-json\/wp\/v2\/types\/post"}],"author":[{"embeddable":true,"href":"https:\/\/noticiasveracruz.com\/index.php\/wp-json\/wp\/v2\/users\/4"}],"replies":[{"embeddable":true,"href":"https:\/\/noticiasveracruz.com\/index.php\/wp-json\/wp\/v2\/comments?post=45168"}],"version-history":[{"count":0,"href":"https:\/\/noticiasveracruz.com\/index.php\/wp-json\/wp\/v2\/posts\/45168\/revisions"}],"wp:featuredmedia":[{"embeddable":true,"href":"https:\/\/noticiasveracruz.com\/index.php\/wp-json\/wp\/v2\/media\/45169"}],"wp:attachment":[{"href":"https:\/\/noticiasveracruz.com\/index.php\/wp-json\/wp\/v2\/media?parent=45168"}],"wp:term":[{"taxonomy":"category","embeddable":true,"href":"https:\/\/noticiasveracruz.com\/index.php\/wp-json\/wp\/v2\/categories?post=45168"},{"taxonomy":"post_tag","embeddable":true,"href":"https:\/\/noticiasveracruz.com\/index.php\/wp-json\/wp\/v2\/tags?post=45168"}],"curies":[{"name":"wp","href":"https:\/\/api.w.org\/{rel}","templated":true}]}}