{"id":45148,"date":"2024-12-02T10:47:04","date_gmt":"2024-12-02T16:47:04","guid":{"rendered":"https:\/\/noticiasveracruz.com\/?p=45148"},"modified":"2024-12-02T10:47:04","modified_gmt":"2024-12-02T16:47:04","slug":"se-requiere-un-verdadero-estado-de-derecho","status":"publish","type":"post","link":"https:\/\/noticiasveracruz.com\/index.php\/2024\/12\/02\/se-requiere-un-verdadero-estado-de-derecho\/","title":{"rendered":"SE REQUIERE UN VERDADERO ESTADO DE DERECHO"},"content":{"rendered":"<p><span style=\"font-size: 14pt;\">A\u00fan es tiempo que la Cuarta Transformaci\u00f3n de la Naci\u00f3n entienda, si es que en verdad desean el bien para M\u00e9xico, que la unidad de las instituciones de orden p\u00fablico es un hecho que debe de manifestarse y concretarse respetando de manera absoluta la Constituci\u00f3n Pol\u00edtica de los Estados Unidos Mexicanos.<\/span><\/p>\n<p><span style=\"font-size: 14pt;\">Esa necesidad imprescindible de respeto a la ley debe de ser realizada, en s\u00edntesis, por razones derivadas de los movimientos de unificaci\u00f3n social y, no de confrontas en la forma de pensar de quienes no simpatizan con la inclinaci\u00f3n de la filosof\u00eda que sostienen ellos; eso traer\u00eda como consecuencia jur\u00eddica que se pueda desarrollar y mantener un orden de bienestar para la Naci\u00f3n.<\/span><\/p>\n<p><span style=\"font-size: 14pt;\">Hay que recordar que el Estado es una creaci\u00f3n de los movimientos sociales y se integra y unifica en procesos hist\u00f3ricos-jur\u00eddicos-pol\u00edticos, en los cuales el estudio del derecho tiene suprema importancia.<\/span><\/p>\n<p><span style=\"font-size: 14pt;\">La Cuarta Transformaci\u00f3n de la Rep\u00fablica y sus idealistas que la sostienen, se encuentran obligados a recordar que aquellos procesos de fuerza, para llevar a mantener sus acciones en una forma p\u00fablica y concentrada solo en adular, recordar o idealizar a un antiguo gobernante -dictador-tirano u oligarca- tiende siempre a fracasar.<\/span><\/p>\n<p><span style=\"font-size: 14pt;\">En nuestra Carta Magna, se establece que el Estado, cuenta con una notoria personalidad jur\u00eddica y fuente, adem\u00e1s, de todos los entes jur\u00eddicos que la conforman.<\/span><\/p>\n<p><span style=\"font-size: 14pt;\">La personalidad del Estado se sabe que es \u00fanica. El hecho que la Cuarta Transformaci\u00f3n de la Federaci\u00f3n incida en la administraci\u00f3n p\u00fablica y act\u00fae con personalidad jur\u00eddica menospreciando el pensar de sus opositores, solo hace referencia a que dispone de la personalidad del Estado para realizar actos ajenos al Estado Constitucional.<\/span><\/p>\n<p><span style=\"font-size: 14pt;\">En el mismo orden de ideas y correlativo al problema de respeto que se le debe a la Carta de Carranza, acudimos a diversas opiniones tradicionales, las cuales refieren que \u00a0el voto para elegir jueces, magistrados y ministros de la Suprema Corte de Justicia de la Naci\u00f3n resulta\u00a0 \u00a0irreverente y no es la forma adecuada para combatir el fen\u00f3meno de \u00a0corrupci\u00f3n existente en el Poder Judicial Federal.<\/span><\/p>\n<p><span style=\"font-size: 14pt;\">La tesis de la Academia de Derecho Penal del Colegio Nacional de Abogados Foro de M\u00e9xico,\u00a0 es diferente a la que sostienen gobernantes, legisladores y juristas que defienden el sufragio de referencia, en concepto de los acad\u00e9micos nuestro pensamiento de combatir esa corrupci\u00f3n, debe hacerse irremediablemente aplicando nuestro C\u00f3digo Penal Federal.<\/span><\/p>\n<p><span style=\"font-size: 14pt;\">S\u00f3lo as\u00ed el Estado y la Cuarta Transformaci\u00f3n de la Naci\u00f3n respetar\u00e1n el Estado de Derecho que se marca en el Pacto Federal<\/span><\/p>\n<p>&nbsp;<\/p>\n<p><span style=\"font-size: 14pt;\">Es cu\u00e1nto.<\/span><\/p>\n<p><span style=\"font-size: 14pt;\">Lic. Alberto Woolrich Ort\u00edz.<\/span><\/p>\n<p>&nbsp;<\/p>\n","protected":false},"excerpt":{"rendered":"<p>A\u00fan es tiempo que la Cuarta Transformaci\u00f3n de la Naci\u00f3n entienda, si es que en verdad desean el bien para<\/p>\n","protected":false},"author":4,"featured_media":39135,"comment_status":"closed","ping_status":"closed","sticky":false,"template":"","format":"standard","meta":{"colormag_page_container_layout":"default_layout","colormag_page_sidebar_layout":"default_layout","_jetpack_memberships_contains_paid_content":false,"footnotes":"","jetpack_publicize_message":"","jetpack_publicize_feature_enabled":true,"jetpack_social_post_already_shared":true,"jetpack_social_options":{"image_generator_settings":{"template":"highway","default_image_id":0,"font":"","enabled":false},"version":2}},"categories":[6],"tags":[],"class_list":["post-45148","post","type-post","status-publish","format-standard","has-post-thumbnail","hentry","category-columnistas"],"jetpack_publicize_connections":[],"jetpack_featured_media_url":"https:\/\/noticiasveracruz.com\/wp-content\/uploads\/2024\/09\/NV-ALBERTO-WOOLRICH.jpg","jetpack_sharing_enabled":true,"publishpress_future_action":{"enabled":false,"date":"2026-05-08 11:13:03","action":"change-status","newStatus":"draft","terms":[],"taxonomy":"category","extraData":[]},"publishpress_future_workflow_manual_trigger":{"enabledWorkflows":[]},"_links":{"self":[{"href":"https:\/\/noticiasveracruz.com\/index.php\/wp-json\/wp\/v2\/posts\/45148","targetHints":{"allow":["GET"]}}],"collection":[{"href":"https:\/\/noticiasveracruz.com\/index.php\/wp-json\/wp\/v2\/posts"}],"about":[{"href":"https:\/\/noticiasveracruz.com\/index.php\/wp-json\/wp\/v2\/types\/post"}],"author":[{"embeddable":true,"href":"https:\/\/noticiasveracruz.com\/index.php\/wp-json\/wp\/v2\/users\/4"}],"replies":[{"embeddable":true,"href":"https:\/\/noticiasveracruz.com\/index.php\/wp-json\/wp\/v2\/comments?post=45148"}],"version-history":[{"count":0,"href":"https:\/\/noticiasveracruz.com\/index.php\/wp-json\/wp\/v2\/posts\/45148\/revisions"}],"wp:featuredmedia":[{"embeddable":true,"href":"https:\/\/noticiasveracruz.com\/index.php\/wp-json\/wp\/v2\/media\/39135"}],"wp:attachment":[{"href":"https:\/\/noticiasveracruz.com\/index.php\/wp-json\/wp\/v2\/media?parent=45148"}],"wp:term":[{"taxonomy":"category","embeddable":true,"href":"https:\/\/noticiasveracruz.com\/index.php\/wp-json\/wp\/v2\/categories?post=45148"},{"taxonomy":"post_tag","embeddable":true,"href":"https:\/\/noticiasveracruz.com\/index.php\/wp-json\/wp\/v2\/tags?post=45148"}],"curies":[{"name":"wp","href":"https:\/\/api.w.org\/{rel}","templated":true}]}}