{"id":44907,"date":"2024-11-28T14:03:19","date_gmt":"2024-11-28T20:03:19","guid":{"rendered":"https:\/\/noticiasveracruz.com\/?p=44907"},"modified":"2024-11-28T14:03:19","modified_gmt":"2024-11-28T20:03:19","slug":"ayuntamiendo-invita-a-participar-en-el-concurso-de-carritos-del-dia-del-nino-perdido","status":"publish","type":"post","link":"https:\/\/noticiasveracruz.com\/index.php\/2024\/11\/28\/ayuntamiendo-invita-a-participar-en-el-concurso-de-carritos-del-dia-del-nino-perdido\/","title":{"rendered":"Ayuntamiendo invita a participar en el \u201cConcurso de Carritos del D\u00eda del Ni\u00f1o Perdido\u201d"},"content":{"rendered":"<p><span style=\"font-size: 14pt;\"><em><strong>\u2022 Consulta la convocatoria para mayores detalles<\/strong><\/em><\/span><\/p>\n<p><span style=\"font-size: 14pt;\">El H. Ayuntamiento de Tuxpan invita a ni\u00f1as y ni\u00f1os de 4 a 12 a\u00f1os de edad, a participar en el \u201cConcurso de Carritos del D\u00eda del Ni\u00f1o Perdido\u201d, que se llevar\u00e1 a cabo en la plaza c\u00edvica el pr\u00f3ximo s\u00e1bado 7 de diciembre, a las 7:00 p.m.<\/span><\/p>\n<p><span style=\"font-size: 14pt;\">El registro es gratuito y se realiza en la oficina de la Direcci\u00f3n de Turismo, ubicada en la planta baja de la biblioteca municipal, en el Parque Reforma, de lunes a viernes de 9:00 de la ma\u00f1ana a 4:00 de la tarde; teniendo como fecha l\u00edmite el viernes 6 de diciembre a las 15:00 horas.<\/span><\/p>\n<p><span style=\"font-size: 14pt;\">Las y los participantes tendr\u00e1n que nombrar un representante mayor de edad, que deber\u00e1 entregar copia de su identificaci\u00f3n al momento de la inscripci\u00f3n.<\/span><\/p>\n<p><span style=\"font-size: 14pt;\">El concurso se dividir\u00e1 en dos categor\u00edas: Tradicional y Libre. Se premiar\u00e1 a los tres primeros lugares de cada una: el primer lugar obtendr\u00e1 5 mil pesos, el segundo lugar 3 mil pesos y tercer lugar 2 mil pesos.<\/span><\/p>\n<p><span style=\"font-size: 14pt;\">Los ganadores se determinar\u00e1n bas\u00e1ndose en la creatividad, dise\u00f1o y funcionalidad de cada carrito.<\/span><\/p>\n<p><span style=\"font-size: 14pt;\">Inscr\u00edbete y promovamos juntos esta bella tradici\u00f3n.<\/span><\/p>\n<p><img loading=\"lazy\" decoding=\"async\" class=\"alignnone size-medium wp-image-44908\" src=\"http:\/\/noticiasveracruz.com\/wp-content\/uploads\/2024\/11\/WhatsApp-Image-2024-11-28-at-13.35.12-225x300.jpeg\" alt=\"\" width=\"225\" height=\"300\" srcset=\"https:\/\/noticiasveracruz.com\/wp-content\/uploads\/2024\/11\/WhatsApp-Image-2024-11-28-at-13.35.12-225x300.jpeg 225w, https:\/\/noticiasveracruz.com\/wp-content\/uploads\/2024\/11\/WhatsApp-Image-2024-11-28-at-13.35.12-768x1024.jpeg 768w, https:\/\/noticiasveracruz.com\/wp-content\/uploads\/2024\/11\/WhatsApp-Image-2024-11-28-at-13.35.12.jpeg 960w\" sizes=\"auto, (max-width: 225px) 100vw, 225px\" \/><\/p>\n","protected":false},"excerpt":{"rendered":"<p>\u2022 Consulta la convocatoria para mayores detalles El H. Ayuntamiento de Tuxpan invita a ni\u00f1as y ni\u00f1os de 4 a<\/p>\n","protected":false},"author":4,"featured_media":44908,"comment_status":"closed","ping_status":"closed","sticky":false,"template":"","format":"standard","meta":{"colormag_page_container_layout":"default_layout","colormag_page_sidebar_layout":"default_layout","_jetpack_memberships_contains_paid_content":false,"footnotes":"","jetpack_publicize_message":"","jetpack_publicize_feature_enabled":true,"jetpack_social_post_already_shared":true,"jetpack_social_options":{"image_generator_settings":{"template":"highway","default_image_id":0,"font":"","enabled":false},"version":2}},"categories":[3372,356],"tags":[],"class_list":["post-44907","post","type-post","status-publish","format-standard","has-post-thumbnail","hentry","category-gobierno-tuxpan","category-veracruz"],"jetpack_publicize_connections":[],"jetpack_featured_media_url":"https:\/\/noticiasveracruz.com\/wp-content\/uploads\/2024\/11\/WhatsApp-Image-2024-11-28-at-13.35.12.jpeg","jetpack_sharing_enabled":true,"publishpress_future_action":{"enabled":false,"date":"2026-05-08 09:27:48","action":"change-status","newStatus":"draft","terms":[],"taxonomy":"category","extraData":[]},"publishpress_future_workflow_manual_trigger":{"enabledWorkflows":[]},"_links":{"self":[{"href":"https:\/\/noticiasveracruz.com\/index.php\/wp-json\/wp\/v2\/posts\/44907","targetHints":{"allow":["GET"]}}],"collection":[{"href":"https:\/\/noticiasveracruz.com\/index.php\/wp-json\/wp\/v2\/posts"}],"about":[{"href":"https:\/\/noticiasveracruz.com\/index.php\/wp-json\/wp\/v2\/types\/post"}],"author":[{"embeddable":true,"href":"https:\/\/noticiasveracruz.com\/index.php\/wp-json\/wp\/v2\/users\/4"}],"replies":[{"embeddable":true,"href":"https:\/\/noticiasveracruz.com\/index.php\/wp-json\/wp\/v2\/comments?post=44907"}],"version-history":[{"count":0,"href":"https:\/\/noticiasveracruz.com\/index.php\/wp-json\/wp\/v2\/posts\/44907\/revisions"}],"wp:featuredmedia":[{"embeddable":true,"href":"https:\/\/noticiasveracruz.com\/index.php\/wp-json\/wp\/v2\/media\/44908"}],"wp:attachment":[{"href":"https:\/\/noticiasveracruz.com\/index.php\/wp-json\/wp\/v2\/media?parent=44907"}],"wp:term":[{"taxonomy":"category","embeddable":true,"href":"https:\/\/noticiasveracruz.com\/index.php\/wp-json\/wp\/v2\/categories?post=44907"},{"taxonomy":"post_tag","embeddable":true,"href":"https:\/\/noticiasveracruz.com\/index.php\/wp-json\/wp\/v2\/tags?post=44907"}],"curies":[{"name":"wp","href":"https:\/\/api.w.org\/{rel}","templated":true}]}}