{"id":44886,"date":"2024-11-28T00:12:59","date_gmt":"2024-11-28T06:12:59","guid":{"rendered":"https:\/\/noticiasveracruz.com\/?p=44886"},"modified":"2024-11-27T21:21:14","modified_gmt":"2024-11-28T03:21:14","slug":"basilea-repartira-2800-dolares-a-cada-uno-de-sus-ciudadanos-tras-superavit-presupuestario","status":"publish","type":"post","link":"https:\/\/noticiasveracruz.com\/index.php\/2024\/11\/28\/basilea-repartira-2800-dolares-a-cada-uno-de-sus-ciudadanos-tras-superavit-presupuestario\/","title":{"rendered":"Basilea repartir\u00e1 2,800 d\u00f3lares a cada uno de sus ciudadanos tras super\u00e1vit presupuestario"},"content":{"rendered":"<p><span style=\"font-size: 14pt;\">Como si del\u00a0reparto de dividendos\u00a0de una empresa privada se tratara, el cant\u00f3n suizo de Basilea distribuir\u00e1 unos 2,500 francos suizos (unos 2,800 d\u00f3lares) a cada ciudadano del super\u00e1vit acumulado en la \u00faltima d\u00e9cada.<\/span><\/p>\n<p><span style=\"font-size: 14pt;\">Esta medida sin precedentes llega despu\u00e9s de que las arcas p\u00fablicas hayan reunido un excedente financiero de 2,800 millones de euros que\u00a0se redistribuir\u00e1 entre la poblaci\u00f3n\u00a0local seg\u00fan lo que haya pagado de impuestos cada uno de los residentes.<\/span><\/p>\n","protected":false},"excerpt":{"rendered":"<p>Como si del\u00a0reparto de dividendos\u00a0de una empresa privada se tratara, el cant\u00f3n suizo de Basilea distribuir\u00e1 unos 2,500 francos suizos<\/p>\n","protected":false},"author":4,"featured_media":44887,"comment_status":"closed","ping_status":"closed","sticky":false,"template":"","format":"standard","meta":{"colormag_page_container_layout":"default_layout","colormag_page_sidebar_layout":"default_layout","_jetpack_memberships_contains_paid_content":false,"footnotes":"","jetpack_publicize_message":"","jetpack_publicize_feature_enabled":true,"jetpack_social_post_already_shared":true,"jetpack_social_options":{"image_generator_settings":{"template":"highway","default_image_id":0,"font":"","enabled":false},"version":2}},"categories":[1947],"tags":[],"class_list":["post-44886","post","type-post","status-publish","format-standard","has-post-thumbnail","hentry","category-economia"],"jetpack_publicize_connections":[],"jetpack_featured_media_url":"https:\/\/noticiasveracruz.com\/wp-content\/uploads\/2024\/11\/674767b59ace0.jpeg","jetpack_sharing_enabled":true,"publishpress_future_action":{"enabled":false,"date":"2026-05-10 05:28:02","action":"change-status","newStatus":"draft","terms":[],"taxonomy":"category","extraData":[]},"publishpress_future_workflow_manual_trigger":{"enabledWorkflows":[]},"_links":{"self":[{"href":"https:\/\/noticiasveracruz.com\/index.php\/wp-json\/wp\/v2\/posts\/44886","targetHints":{"allow":["GET"]}}],"collection":[{"href":"https:\/\/noticiasveracruz.com\/index.php\/wp-json\/wp\/v2\/posts"}],"about":[{"href":"https:\/\/noticiasveracruz.com\/index.php\/wp-json\/wp\/v2\/types\/post"}],"author":[{"embeddable":true,"href":"https:\/\/noticiasveracruz.com\/index.php\/wp-json\/wp\/v2\/users\/4"}],"replies":[{"embeddable":true,"href":"https:\/\/noticiasveracruz.com\/index.php\/wp-json\/wp\/v2\/comments?post=44886"}],"version-history":[{"count":0,"href":"https:\/\/noticiasveracruz.com\/index.php\/wp-json\/wp\/v2\/posts\/44886\/revisions"}],"wp:featuredmedia":[{"embeddable":true,"href":"https:\/\/noticiasveracruz.com\/index.php\/wp-json\/wp\/v2\/media\/44887"}],"wp:attachment":[{"href":"https:\/\/noticiasveracruz.com\/index.php\/wp-json\/wp\/v2\/media?parent=44886"}],"wp:term":[{"taxonomy":"category","embeddable":true,"href":"https:\/\/noticiasveracruz.com\/index.php\/wp-json\/wp\/v2\/categories?post=44886"},{"taxonomy":"post_tag","embeddable":true,"href":"https:\/\/noticiasveracruz.com\/index.php\/wp-json\/wp\/v2\/tags?post=44886"}],"curies":[{"name":"wp","href":"https:\/\/api.w.org\/{rel}","templated":true}]}}