{"id":44880,"date":"2024-11-28T00:10:21","date_gmt":"2024-11-28T06:10:21","guid":{"rendered":"https:\/\/noticiasveracruz.com\/?p=44880"},"modified":"2024-11-27T21:17:59","modified_gmt":"2024-11-28T03:17:59","slug":"pese-al-discurso-ve-por-mas-ve-dificil-que-donald-trump-cancele-el-t-mec","status":"publish","type":"post","link":"https:\/\/noticiasveracruz.com\/index.php\/2024\/11\/28\/pese-al-discurso-ve-por-mas-ve-dificil-que-donald-trump-cancele-el-t-mec\/","title":{"rendered":"Pese al discurso, Ve por M\u00e1s ve dif\u00edcil que Donald Trump cancele el T-MEC"},"content":{"rendered":"<p><span style=\"font-size: 14pt;\">Para Grupo Financiero Ve por M\u00e1s (Bx+), ha aumentado la incertidumbre en el entorno local y externo, \u00e9sto \u00faltimo por el nuevo triunfo de Donald Trump en la elecci\u00f3n presidencial de Estados Unidos, y su discurso sobre M\u00e9xico.<\/span><\/p>\n<p><span style=\"font-size: 14pt;\">En su balance 2024 y perspectivas 2025, elaborado por el \u00e1rea de estudios econ\u00f3micos y an\u00e1lisis burs\u00e1til, que encabeza\u00a0Alejandro Salda\u00f1a, la instituci\u00f3n detall\u00f3 que Trump puede asumir un discurso m\u00e1s agresivo, ser menos previsible y condicionar la revisi\u00f3n del T-MEC comercial a otros puntos de la agenda, como son seguridad y migraci\u00f3n. Sin embargo, subray\u00f3,\u00a0es dif\u00edcil que cancele el tratado comercial.<\/span><\/p>\n","protected":false},"excerpt":{"rendered":"<p>Para Grupo Financiero Ve por M\u00e1s (Bx+), ha aumentado la incertidumbre en el entorno local y externo, \u00e9sto \u00faltimo por<\/p>\n","protected":false},"author":4,"featured_media":44881,"comment_status":"closed","ping_status":"closed","sticky":false,"template":"","format":"standard","meta":{"colormag_page_container_layout":"default_layout","colormag_page_sidebar_layout":"default_layout","_jetpack_memberships_contains_paid_content":false,"footnotes":"","jetpack_publicize_message":"","jetpack_publicize_feature_enabled":true,"jetpack_social_post_already_shared":true,"jetpack_social_options":{"image_generator_settings":{"template":"highway","default_image_id":0,"font":"","enabled":false},"version":2}},"categories":[1947],"tags":[],"class_list":["post-44880","post","type-post","status-publish","format-standard","has-post-thumbnail","hentry","category-economia"],"jetpack_publicize_connections":[],"jetpack_featured_media_url":"https:\/\/noticiasveracruz.com\/wp-content\/uploads\/2024\/11\/6747d1d31f667.jpeg","jetpack_sharing_enabled":true,"publishpress_future_action":{"enabled":false,"date":"2026-05-10 06:32:59","action":"change-status","newStatus":"draft","terms":[],"taxonomy":"category","extraData":[]},"publishpress_future_workflow_manual_trigger":{"enabledWorkflows":[]},"_links":{"self":[{"href":"https:\/\/noticiasveracruz.com\/index.php\/wp-json\/wp\/v2\/posts\/44880","targetHints":{"allow":["GET"]}}],"collection":[{"href":"https:\/\/noticiasveracruz.com\/index.php\/wp-json\/wp\/v2\/posts"}],"about":[{"href":"https:\/\/noticiasveracruz.com\/index.php\/wp-json\/wp\/v2\/types\/post"}],"author":[{"embeddable":true,"href":"https:\/\/noticiasveracruz.com\/index.php\/wp-json\/wp\/v2\/users\/4"}],"replies":[{"embeddable":true,"href":"https:\/\/noticiasveracruz.com\/index.php\/wp-json\/wp\/v2\/comments?post=44880"}],"version-history":[{"count":0,"href":"https:\/\/noticiasveracruz.com\/index.php\/wp-json\/wp\/v2\/posts\/44880\/revisions"}],"wp:featuredmedia":[{"embeddable":true,"href":"https:\/\/noticiasveracruz.com\/index.php\/wp-json\/wp\/v2\/media\/44881"}],"wp:attachment":[{"href":"https:\/\/noticiasveracruz.com\/index.php\/wp-json\/wp\/v2\/media?parent=44880"}],"wp:term":[{"taxonomy":"category","embeddable":true,"href":"https:\/\/noticiasveracruz.com\/index.php\/wp-json\/wp\/v2\/categories?post=44880"},{"taxonomy":"post_tag","embeddable":true,"href":"https:\/\/noticiasveracruz.com\/index.php\/wp-json\/wp\/v2\/tags?post=44880"}],"curies":[{"name":"wp","href":"https:\/\/api.w.org\/{rel}","templated":true}]}}