{"id":44877,"date":"2024-11-28T00:08:57","date_gmt":"2024-11-28T06:08:57","guid":{"rendered":"https:\/\/noticiasveracruz.com\/?p=44877"},"modified":"2024-11-27T19:46:16","modified_gmt":"2024-11-28T01:46:16","slug":"cptq-anticipa-crecimiento-en-captacion-de-turismo-estadounidense-para-cancun","status":"publish","type":"post","link":"https:\/\/noticiasveracruz.com\/index.php\/2024\/11\/28\/cptq-anticipa-crecimiento-en-captacion-de-turismo-estadounidense-para-cancun\/","title":{"rendered":"CPTQ anticipa crecimiento en captaci\u00f3n de turismo estadounidense para Canc\u00fan"},"content":{"rendered":"<p><span style=\"font-size: 14pt;\">El\u00a0Consejo de Promoci\u00f3n Tur\u00edstica de Quintana Roo\u00a0(CPTQ) anticipa que pese a la reducci\u00f3n de asientos de avi\u00f3n hacia el Caribe mexicano a lo largo del presente a\u00f1o, la entidad cerrar\u00e1 el 2024 con crecimiento de 5% en llegada de\u00a0turismo\u00a0estadounidense\u00a0y de casi 6% en\u00a0turismo\u00a0canadiense.\u00a0<\/span><\/p>\n<p><span style=\"font-size: 14pt;\">As\u00ed lo dio a conocer Andr\u00e9s Mart\u00ednez, director del CPTQ:<\/span><\/p>\n<p><span style=\"font-size: 14pt;\">\u00abEste a\u00f1o que ha sido sumamente retador, con falta de aviones, crisis en motores; con mucha agua, en materia de huracanes, con\u00a0afectaci\u00f3n en EU por las elecciones, pero los n\u00fameros terminan siendo favorables con nuestros mercados estrat\u00e9gicos; hoy podemos decir que cerrando el a\u00f1o vamos a tener crecimiento de 5.5% en turistas americanos y 5.7% en canadienses, que son nuestros principales emisores\u201d.<\/span><\/p>\n<p><span style=\"font-size: 14pt;\">El funcionario destac\u00f3 la importancia de estos resultados, pues tanto el\u00a0mercado estadounidense, como el canadiense, as\u00ed como el nacional representaron en 2023 hasta el 83% de toda la ocupaci\u00f3n hotelera anual.<\/span><\/p>\n","protected":false},"excerpt":{"rendered":"<p>El\u00a0Consejo de Promoci\u00f3n Tur\u00edstica de Quintana Roo\u00a0(CPTQ) anticipa que pese a la reducci\u00f3n de asientos de avi\u00f3n hacia el Caribe<\/p>\n","protected":false},"author":4,"featured_media":44878,"comment_status":"closed","ping_status":"closed","sticky":false,"template":"","format":"standard","meta":{"colormag_page_container_layout":"default_layout","colormag_page_sidebar_layout":"default_layout","_jetpack_memberships_contains_paid_content":false,"footnotes":"","jetpack_publicize_message":"","jetpack_publicize_feature_enabled":true,"jetpack_social_post_already_shared":true,"jetpack_social_options":{"image_generator_settings":{"template":"highway","default_image_id":0,"font":"","enabled":false},"version":2}},"categories":[145],"tags":[],"class_list":["post-44877","post","type-post","status-publish","format-standard","has-post-thumbnail","hentry","category-estados"],"jetpack_publicize_connections":[],"jetpack_featured_media_url":"https:\/\/noticiasveracruz.com\/wp-content\/uploads\/2024\/11\/66e44f11b3bb8.jpeg","jetpack_sharing_enabled":true,"publishpress_future_action":{"enabled":false,"date":"2026-05-10 07:34:32","action":"change-status","newStatus":"draft","terms":[],"taxonomy":"category","extraData":[]},"publishpress_future_workflow_manual_trigger":{"enabledWorkflows":[]},"_links":{"self":[{"href":"https:\/\/noticiasveracruz.com\/index.php\/wp-json\/wp\/v2\/posts\/44877","targetHints":{"allow":["GET"]}}],"collection":[{"href":"https:\/\/noticiasveracruz.com\/index.php\/wp-json\/wp\/v2\/posts"}],"about":[{"href":"https:\/\/noticiasveracruz.com\/index.php\/wp-json\/wp\/v2\/types\/post"}],"author":[{"embeddable":true,"href":"https:\/\/noticiasveracruz.com\/index.php\/wp-json\/wp\/v2\/users\/4"}],"replies":[{"embeddable":true,"href":"https:\/\/noticiasveracruz.com\/index.php\/wp-json\/wp\/v2\/comments?post=44877"}],"version-history":[{"count":0,"href":"https:\/\/noticiasveracruz.com\/index.php\/wp-json\/wp\/v2\/posts\/44877\/revisions"}],"wp:featuredmedia":[{"embeddable":true,"href":"https:\/\/noticiasveracruz.com\/index.php\/wp-json\/wp\/v2\/media\/44878"}],"wp:attachment":[{"href":"https:\/\/noticiasveracruz.com\/index.php\/wp-json\/wp\/v2\/media?parent=44877"}],"wp:term":[{"taxonomy":"category","embeddable":true,"href":"https:\/\/noticiasveracruz.com\/index.php\/wp-json\/wp\/v2\/categories?post=44877"},{"taxonomy":"post_tag","embeddable":true,"href":"https:\/\/noticiasveracruz.com\/index.php\/wp-json\/wp\/v2\/tags?post=44877"}],"curies":[{"name":"wp","href":"https:\/\/api.w.org\/{rel}","templated":true}]}}