{"id":44874,"date":"2024-11-28T00:07:11","date_gmt":"2024-11-28T06:07:11","guid":{"rendered":"https:\/\/noticiasveracruz.com\/?p=44874"},"modified":"2024-11-27T19:44:32","modified_gmt":"2024-11-28T01:44:32","slug":"el-impacto-que-causarian-los-aranceles-seria-una-caida-en-las-exportaciones-de-casi-el-40-comce-noreste","status":"publish","type":"post","link":"https:\/\/noticiasveracruz.com\/index.php\/2024\/11\/28\/el-impacto-que-causarian-los-aranceles-seria-una-caida-en-las-exportaciones-de-casi-el-40-comce-noreste\/","title":{"rendered":"El impacto que causar\u00edan los aranceles ser\u00eda una ca\u00edda en las exportaciones de casi el 40%: COMCE Noreste"},"content":{"rendered":"<p><span style=\"font-size: 14pt;\">Si el presidente electo en Estados Unidos, Donald Trump decide aplicar el 25% de aranceles a M\u00e9xico y Canad\u00e1, el sector m\u00e1s afectado en M\u00e9xico y en Nuevo Le\u00f3n ser\u00e1 el automotriz, porque aumenta el costo al consumidor final, con una ca\u00edda en las exportaciones de hasta el 40% y un valor de 200,000 millones de d\u00f3lares, indic\u00f3 Andr\u00e9s Franco Zald\u00edvar, director general del Consejo Mexicano de Comercio Exterior (COMCE Noreste).<\/span><\/p>\n<p><span style=\"font-size: 14pt;\">\u201cTenemos una gran dependencia entre los tres pa\u00edses: Canad\u00e1, Estados Unidos y M\u00e9xico. El 83% de las exportaciones de M\u00e9xico van hacia Estados Unidos; si lo vemos esto como demanda \u00bfc\u00f3mo puede afectar al comercio bilateral?, en caso de que se imponga el 25% de aranceles impactar\u00e1 en 200,000 millones de d\u00f3lares\u201d.<\/span><\/p>\n","protected":false},"excerpt":{"rendered":"<p>Si el presidente electo en Estados Unidos, Donald Trump decide aplicar el 25% de aranceles a M\u00e9xico y Canad\u00e1, el<\/p>\n","protected":false},"author":4,"featured_media":44875,"comment_status":"closed","ping_status":"closed","sticky":false,"template":"","format":"standard","meta":{"colormag_page_container_layout":"default_layout","colormag_page_sidebar_layout":"default_layout","_jetpack_memberships_contains_paid_content":false,"footnotes":"","jetpack_publicize_message":"","jetpack_publicize_feature_enabled":true,"jetpack_social_post_already_shared":true,"jetpack_social_options":{"image_generator_settings":{"template":"highway","default_image_id":0,"font":"","enabled":false},"version":2}},"categories":[145],"tags":[],"class_list":["post-44874","post","type-post","status-publish","format-standard","has-post-thumbnail","hentry","category-estados"],"jetpack_publicize_connections":[],"jetpack_featured_media_url":"https:\/\/noticiasveracruz.com\/wp-content\/uploads\/2024\/11\/66ec20a5df4fc.jpeg","jetpack_sharing_enabled":true,"publishpress_future_action":{"enabled":false,"date":"2026-05-10 08:41:03","action":"change-status","newStatus":"draft","terms":[],"taxonomy":"category","extraData":[]},"publishpress_future_workflow_manual_trigger":{"enabledWorkflows":[]},"_links":{"self":[{"href":"https:\/\/noticiasveracruz.com\/index.php\/wp-json\/wp\/v2\/posts\/44874","targetHints":{"allow":["GET"]}}],"collection":[{"href":"https:\/\/noticiasveracruz.com\/index.php\/wp-json\/wp\/v2\/posts"}],"about":[{"href":"https:\/\/noticiasveracruz.com\/index.php\/wp-json\/wp\/v2\/types\/post"}],"author":[{"embeddable":true,"href":"https:\/\/noticiasveracruz.com\/index.php\/wp-json\/wp\/v2\/users\/4"}],"replies":[{"embeddable":true,"href":"https:\/\/noticiasveracruz.com\/index.php\/wp-json\/wp\/v2\/comments?post=44874"}],"version-history":[{"count":0,"href":"https:\/\/noticiasveracruz.com\/index.php\/wp-json\/wp\/v2\/posts\/44874\/revisions"}],"wp:featuredmedia":[{"embeddable":true,"href":"https:\/\/noticiasveracruz.com\/index.php\/wp-json\/wp\/v2\/media\/44875"}],"wp:attachment":[{"href":"https:\/\/noticiasveracruz.com\/index.php\/wp-json\/wp\/v2\/media?parent=44874"}],"wp:term":[{"taxonomy":"category","embeddable":true,"href":"https:\/\/noticiasveracruz.com\/index.php\/wp-json\/wp\/v2\/categories?post=44874"},{"taxonomy":"post_tag","embeddable":true,"href":"https:\/\/noticiasveracruz.com\/index.php\/wp-json\/wp\/v2\/tags?post=44874"}],"curies":[{"name":"wp","href":"https:\/\/api.w.org\/{rel}","templated":true}]}}