{"id":44871,"date":"2024-11-28T00:06:08","date_gmt":"2024-11-28T06:06:08","guid":{"rendered":"https:\/\/noticiasveracruz.com\/?p=44871"},"modified":"2024-11-27T19:42:35","modified_gmt":"2024-11-28T01:42:35","slug":"develan-retratos-de-los-reyes-felipe-vi-y-letizia-hechos-por-la-fotografa-annie-leibovitz-2","status":"publish","type":"post","link":"https:\/\/noticiasveracruz.com\/index.php\/2024\/11\/28\/develan-retratos-de-los-reyes-felipe-vi-y-letizia-hechos-por-la-fotografa-annie-leibovitz-2\/","title":{"rendered":"Develan retratos de los reyes Felipe VI y Letizia hechos por la fot\u00f3grafa Annie Leibovitz"},"content":{"rendered":"<p><span style=\"font-size: 14pt;\">Seis meses de preparativos, cientos de disparos y cinco horas de sesi\u00f3n ha empleado la reconocida\u00a0fot\u00f3grafa Annie Leibovitz\u00a0en los retratos de gran tama\u00f1o de los\u00a0reyes de Espa\u00f1a, Felipe VI y Letizia, vestida por\u00a0Balenciaga, que se han presentado este martes.<\/span><\/p>\n<p><span style=\"font-size: 14pt;\">En el trabajo de\u00a0Leibovitz, los reyes aparecen en una composici\u00f3n al estilo de\u00a0\u00abLas meninas\u00bb\u00a0(1656), la pintura m\u00e1s conocida de\u00a0Diego Vel\u00e1zquez, en el\u00a0Palacio Real de Madrid.<\/span><\/p>\n<p><span style=\"font-size: 14pt;\">Estos retratos, que se hicieron el pasado 7 de febrero pero se han dado a conocer en una muestra presentada este martes, forman un d\u00edptico y se sumar\u00e1n a la colecci\u00f3n del\u00a0Banco de Espa\u00f1a.<\/span><\/p>\n","protected":false},"excerpt":{"rendered":"<p>Seis meses de preparativos, cientos de disparos y cinco horas de sesi\u00f3n ha empleado la reconocida\u00a0fot\u00f3grafa Annie Leibovitz\u00a0en los retratos<\/p>\n","protected":false},"author":4,"featured_media":44872,"comment_status":"closed","ping_status":"closed","sticky":false,"template":"","format":"standard","meta":{"colormag_page_container_layout":"default_layout","colormag_page_sidebar_layout":"default_layout","_jetpack_memberships_contains_paid_content":false,"footnotes":"","jetpack_publicize_message":"","jetpack_publicize_feature_enabled":true,"jetpack_social_post_already_shared":true,"jetpack_social_options":{"image_generator_settings":{"template":"highway","default_image_id":0,"font":"","enabled":false},"version":2}},"categories":[355],"tags":[],"class_list":["post-44871","post","type-post","status-publish","format-standard","has-post-thumbnail","hentry","category-internacional"],"jetpack_publicize_connections":[],"jetpack_featured_media_url":"https:\/\/noticiasveracruz.com\/wp-content\/uploads\/2024\/11\/Rey-Felipe-Reina-Letizia-1.png","jetpack_sharing_enabled":true,"publishpress_future_action":{"enabled":false,"date":"2026-05-10 09:42:25","action":"change-status","newStatus":"draft","terms":[],"taxonomy":"category","extraData":[]},"publishpress_future_workflow_manual_trigger":{"enabledWorkflows":[]},"_links":{"self":[{"href":"https:\/\/noticiasveracruz.com\/index.php\/wp-json\/wp\/v2\/posts\/44871","targetHints":{"allow":["GET"]}}],"collection":[{"href":"https:\/\/noticiasveracruz.com\/index.php\/wp-json\/wp\/v2\/posts"}],"about":[{"href":"https:\/\/noticiasveracruz.com\/index.php\/wp-json\/wp\/v2\/types\/post"}],"author":[{"embeddable":true,"href":"https:\/\/noticiasveracruz.com\/index.php\/wp-json\/wp\/v2\/users\/4"}],"replies":[{"embeddable":true,"href":"https:\/\/noticiasveracruz.com\/index.php\/wp-json\/wp\/v2\/comments?post=44871"}],"version-history":[{"count":0,"href":"https:\/\/noticiasveracruz.com\/index.php\/wp-json\/wp\/v2\/posts\/44871\/revisions"}],"wp:featuredmedia":[{"embeddable":true,"href":"https:\/\/noticiasveracruz.com\/index.php\/wp-json\/wp\/v2\/media\/44872"}],"wp:attachment":[{"href":"https:\/\/noticiasveracruz.com\/index.php\/wp-json\/wp\/v2\/media?parent=44871"}],"wp:term":[{"taxonomy":"category","embeddable":true,"href":"https:\/\/noticiasveracruz.com\/index.php\/wp-json\/wp\/v2\/categories?post=44871"},{"taxonomy":"post_tag","embeddable":true,"href":"https:\/\/noticiasveracruz.com\/index.php\/wp-json\/wp\/v2\/tags?post=44871"}],"curies":[{"name":"wp","href":"https:\/\/api.w.org\/{rel}","templated":true}]}}