{"id":44823,"date":"2024-11-27T06:50:55","date_gmt":"2024-11-27T12:50:55","guid":{"rendered":"https:\/\/noticiasveracruz.com\/?p=44823"},"modified":"2024-11-26T22:23:08","modified_gmt":"2024-11-27T04:23:08","slug":"paz-y-alianza-politica-nahlista","status":"publish","type":"post","link":"https:\/\/noticiasveracruz.com\/index.php\/2024\/11\/27\/paz-y-alianza-politica-nahlista\/","title":{"rendered":"Paz y alianza pol\u00edtica Nahlista"},"content":{"rendered":"<p><span style=\"font-size: 14pt;\">Por: Luis Ram\u00edrez Baqueiro<\/span><\/p>\n<p>&nbsp;<\/p>\n<p><span style=\"font-size: 14pt;\"><em>\u201cLa confianza en uno mismo y la r\u00e1pida decisi\u00f3n son el preludio del \u00e9xito.\u201d \u2013 Jos\u00e9 Mart\u00ed.<\/em><\/span><\/p>\n<p><span style=\"font-size: 14pt;\">\u00a0<\/span><\/p>\n<p><span style=\"font-size: 14pt;\">Con la confirmaci\u00f3n de asistencia de la presidenta de M\u00e9xico, Claudia Sheinbaum Pardo a la Ceremonia Solemne de Toma de Protesta de la Gobernadora de Veracruz, Roc\u00edo Nahle Garc\u00eda se confirma que el sexenio por iniciar vendr\u00e1 cargado de grandes augurios e importantes compromisos.<\/span><\/p>\n<p><span style=\"font-size: 14pt;\">A ello, resalta la asistencia de al menos 14 gobernadores, lo que hace notoria la relevancia e importancia estrat\u00e9gica de Veracruz como polo de desarrollo.<\/span><\/p>\n<p><span style=\"font-size: 14pt;\">De esta manera Roc\u00edo Nahle comenzar\u00e1 su andar en la administraci\u00f3n p\u00fablica estatal arropada por la m\u00e1xima autoridad en el pa\u00eds y por una pl\u00e9yade de personajes que demuestran que cuando existe capacidad, conocimiento, e inteligencia pol\u00edtica todo es posible.<\/span><\/p>\n<p><span style=\"font-size: 14pt;\">Uno de los temas que sobresalen en el arranque de la pr\u00f3xima administraci\u00f3n es la capacidad negociadora y conciliadora de la futura mandataria estatal, sin revanchismos pol\u00edticos, ha expresado su compromiso por gobernar para todas y todos sin distingo de colores o partidos, credos o etnias.<\/span><\/p>\n<p><span style=\"font-size: 14pt;\">Nahle Garc\u00eda viene a tomar la conducci\u00f3n de una entidad conformada por mujeres y hombres de todos los estratos, orgullosos de ser veracruzanos, que anhelan y desean una verdadera conducci\u00f3n del estado, con sentido y responsabilidad.<\/span><\/p>\n<p><span style=\"font-size: 14pt;\">Eso qued\u00f3 de manifiesto este fin de semana, cuando en domingo y despu\u00e9s de acompa\u00f1ar al rector de la Universidad Veracruzana (VUV), Mart\u00edn Aguilar S\u00e1nchez sostuviera un encuentro con las dirigencias y liderazgos m\u00e1s representativos de los partidos aliados a Morena.<\/span><\/p>\n<p><span style=\"font-size: 14pt;\">En la fotograf\u00eda se pueden apreciar a Esteban Ram\u00edrez Zepeta, dirigente Estatal de Morena, junto al l\u00edder nacional de los j\u00f3venes morenistas, el veracruzano Aar\u00f3n Enr\u00edquez Garc\u00eda, quienes se han ganado la confianza de la futura mandataria por su tenacidad y esfuerzo y la recientemente electa secretaria General del Partido en Veracruz, Nayelli Mendoza Camarillo, quien apenas este s\u00e1bado fue designada en dicha posici\u00f3n y confirma que desde Orizaba llega pujante a la cita.<\/span><\/p>\n<p><span style=\"font-size: 14pt;\">Junto a ellos, los dirigentes del Partido Verde Ecologista de M\u00e9xico (PVEM) en el coordinador parlamentario en la Sexag\u00e9sima S\u00e9ptima Legislatura Local, ex dirigente estatal y pr\u00f3ximo delegado nacional para la Tercera Circunscripci\u00f3n, Marcelo Ruiz S\u00e1nchez, quien junto con Edgar Herrera Lendechy actual dirigente Estatal del Verde, comienzan a demostrar que son referente del acontecer pol\u00edtico en la entidad.<\/span><\/p>\n<p><span style=\"font-size: 14pt;\">Tambi\u00e9n presentes los dirigentes del Partido del Trabajo, Vicente Aguilar Aguilar y el coordinador parlamentario del PT en el Congreso Local, Ram\u00f3n D\u00edaz \u00c1vila demuestran que la alianza y coalici\u00f3n con Morena en Veracruz ser\u00e1 permanente.<\/span><\/p>\n<p><span style=\"font-size: 14pt;\">El aceitado del engranaje pol\u00edtico comienza bien y con extremo cuidado por parte de la futura mandataria, quien tiene claro que al encargo se viene a sumar y no a restar.<\/span><\/p>\n<p><span style=\"font-size: 14pt;\"><em>\u00a0<\/em><\/span><\/p>\n<p><span style=\"font-size: 14pt;\"><em>Sextante<\/em><\/span><\/p>\n<p><span style=\"font-size: 14pt;\">Ya hemos mencionado que en el an\u00e1lisis y prospectiva para lo que se viene Xalapa en el relev\u00f3 municipal del 2025, se podr\u00e1n tener muchos tiradores, pero realmente pocos capitales pol\u00edticos con verdadera capacidad, honestidad y liderazgo.<\/span><\/p>\n<p><span style=\"font-size: 14pt;\">Tan solo para la capital en Morena se barajan los nombres de al menos siete personajes: Daniela Griego Ceballos; Rafael Hern\u00e1ndez Villalpando; Ivonne Cisneros Luj\u00e1n; Ernesto P\u00e9rez Astorga; Mar\u00eda Consuelo Niembro Dom\u00ednguez; Antonio Ballesteros Grayeb; y Ana Miriam Ferr\u00e1ez Centeno.<\/span><\/p>\n<p><span style=\"font-size: 14pt;\">Pero \u00bfcu\u00e1ntos de ellos realmente pueden demostrar ser referentes de un trabajo de primera y con resultados ciertos? Realmente muy pocos, sino es que uno o dos a lo mucho.<\/span><\/p>\n<p><span style=\"font-size: 14pt;\">La realidad es que siendo muy pero muy objetivos solo Daniela Griego demuestra tener tres caracter\u00edsticas indispensables para ser futura candidata y a la postre de conseguirlo, ser alcaldesa de Xalapa.<\/span><\/p>\n<p><span style=\"font-size: 14pt;\">Esas tres caracter\u00edsticas son: 1. Capacidad t\u00e9cnica demostrada en los cargos que ha desempe\u00f1ado en el servicio p\u00fablico. 2. Contar con un equipo de trabajo consolidado que garantiza buenos resultados. 3. Trabajo permanente con organizaciones sociales y se le reconoce una militancia pol\u00edtica congruente en la izquierda desde sus or\u00edgenes.<\/span><\/p>\n<p><span style=\"font-size: 14pt;\">Frente a estos tres importantes elementos, \u00bfQui\u00e9n en Morena podr\u00eda siquiera atreverse a decir, \u00abaqu\u00ed estoy yo con mejor palmar\u00e9s\u00bb?<\/span><\/p>\n<p><span style=\"font-size: 14pt;\">\u00a0<\/span><\/p>\n<p><span style=\"font-size: 14pt;\">Al tiempo.<\/span><\/p>\n","protected":false},"excerpt":{"rendered":"<p>Por: Luis Ram\u00edrez Baqueiro &nbsp; \u201cLa confianza en uno mismo y la r\u00e1pida decisi\u00f3n son el preludio del \u00e9xito.\u201d \u2013<\/p>\n","protected":false},"author":4,"featured_media":30989,"comment_status":"closed","ping_status":"closed","sticky":false,"template":"","format":"standard","meta":{"colormag_page_container_layout":"default_layout","colormag_page_sidebar_layout":"default_layout","_jetpack_memberships_contains_paid_content":false,"footnotes":"","jetpack_publicize_message":"","jetpack_publicize_feature_enabled":true,"jetpack_social_post_already_shared":true,"jetpack_social_options":{"image_generator_settings":{"template":"highway","default_image_id":0,"font":"","enabled":false},"version":2}},"categories":[6],"tags":[],"class_list":["post-44823","post","type-post","status-publish","format-standard","has-post-thumbnail","hentry","category-columnistas"],"jetpack_publicize_connections":[],"jetpack_featured_media_url":"https:\/\/noticiasveracruz.com\/wp-content\/uploads\/2024\/05\/LUIS-RAMIREZ-BAQUEIRO-800x445-1.png","jetpack_sharing_enabled":true,"publishpress_future_action":{"enabled":false,"date":"2026-05-08 11:18:04","action":"change-status","newStatus":"draft","terms":[],"taxonomy":"category","extraData":[]},"publishpress_future_workflow_manual_trigger":{"enabledWorkflows":[]},"_links":{"self":[{"href":"https:\/\/noticiasveracruz.com\/index.php\/wp-json\/wp\/v2\/posts\/44823","targetHints":{"allow":["GET"]}}],"collection":[{"href":"https:\/\/noticiasveracruz.com\/index.php\/wp-json\/wp\/v2\/posts"}],"about":[{"href":"https:\/\/noticiasveracruz.com\/index.php\/wp-json\/wp\/v2\/types\/post"}],"author":[{"embeddable":true,"href":"https:\/\/noticiasveracruz.com\/index.php\/wp-json\/wp\/v2\/users\/4"}],"replies":[{"embeddable":true,"href":"https:\/\/noticiasveracruz.com\/index.php\/wp-json\/wp\/v2\/comments?post=44823"}],"version-history":[{"count":0,"href":"https:\/\/noticiasveracruz.com\/index.php\/wp-json\/wp\/v2\/posts\/44823\/revisions"}],"wp:featuredmedia":[{"embeddable":true,"href":"https:\/\/noticiasveracruz.com\/index.php\/wp-json\/wp\/v2\/media\/30989"}],"wp:attachment":[{"href":"https:\/\/noticiasveracruz.com\/index.php\/wp-json\/wp\/v2\/media?parent=44823"}],"wp:term":[{"taxonomy":"category","embeddable":true,"href":"https:\/\/noticiasveracruz.com\/index.php\/wp-json\/wp\/v2\/categories?post=44823"},{"taxonomy":"post_tag","embeddable":true,"href":"https:\/\/noticiasveracruz.com\/index.php\/wp-json\/wp\/v2\/tags?post=44823"}],"curies":[{"name":"wp","href":"https:\/\/api.w.org\/{rel}","templated":true}]}}