{"id":44815,"date":"2024-11-27T00:17:44","date_gmt":"2024-11-27T06:17:44","guid":{"rendered":"https:\/\/noticiasveracruz.com\/?p=44815"},"modified":"2024-11-26T22:13:58","modified_gmt":"2024-11-27T04:13:58","slug":"ricardo-anaya-califica-de-farsa-proceso-para-elegir-a-integrantes-del-poder-judicial","status":"publish","type":"post","link":"https:\/\/noticiasveracruz.com\/index.php\/2024\/11\/27\/ricardo-anaya-califica-de-farsa-proceso-para-elegir-a-integrantes-del-poder-judicial\/","title":{"rendered":"Ricardo Anaya califica de farsa proceso para elegir a integrantes del Poder Judicial"},"content":{"rendered":"<p><span style=\"font-size: 14pt;\">El senador\u00a0Ricardo Anaya, del\u00a0Partido Acci\u00f3n Nacional (PAN), calific\u00f3 como una\u00a0farsa\u00a0el\u00a0proceso de registro de aspirantes\u00a0para la\u00a0elecci\u00f3n de integrantes\u00a0del Poder Judicial, impulsado por\u00a0Morena\u00a0y el gobierno federal, pues dijo, el mecanismo est\u00e1 dise\u00f1ado para\u00a0eliminar cualquier contrapeso democr\u00e1tico.<\/span><\/p>\n<p><span style=\"font-size: 14pt;\">\u201cEl proceso est\u00e1 ama\u00f1ado de principio a fin.\u00a0Morena controla los comit\u00e9s de evaluaci\u00f3n y, por ende, las listas finales. Ahora se inventaron un\u00a0registro masivo por correo electr\u00f3nico\u00a0para\u00a0aparentar que es democr\u00e1tico, cuando en realidad\u00a0ya tienen decididos los nombres que aparecer\u00e1n en la boleta\u201d, denunci\u00f3 Anaya en entrevista a medios, previo a la discusi\u00f3n del dictamen en comisiones del Senado para dictaminar la reforma para la desaparici\u00f3n de organismos aut\u00f3nomos.<\/span><\/p>\n","protected":false},"excerpt":{"rendered":"<p>El senador\u00a0Ricardo Anaya, del\u00a0Partido Acci\u00f3n Nacional (PAN), calific\u00f3 como una\u00a0farsa\u00a0el\u00a0proceso de registro de aspirantes\u00a0para la\u00a0elecci\u00f3n de integrantes\u00a0del Poder Judicial, impulsado<\/p>\n","protected":false},"author":4,"featured_media":44816,"comment_status":"closed","ping_status":"closed","sticky":false,"template":"","format":"standard","meta":{"colormag_page_container_layout":"default_layout","colormag_page_sidebar_layout":"default_layout","_jetpack_memberships_contains_paid_content":false,"footnotes":"","jetpack_publicize_message":"","jetpack_publicize_feature_enabled":true,"jetpack_social_post_already_shared":true,"jetpack_social_options":{"image_generator_settings":{"template":"highway","default_image_id":0,"font":"","enabled":false},"version":2}},"categories":[4],"tags":[],"class_list":["post-44815","post","type-post","status-publish","format-standard","has-post-thumbnail","hentry","category-nacional"],"jetpack_publicize_connections":[],"jetpack_featured_media_url":"https:\/\/noticiasveracruz.com\/wp-content\/uploads\/2024\/11\/Ricardo-Anaya.png","jetpack_sharing_enabled":true,"publishpress_future_action":{"enabled":false,"date":"2026-05-08 10:26:11","action":"change-status","newStatus":"draft","terms":[],"taxonomy":"category","extraData":[]},"publishpress_future_workflow_manual_trigger":{"enabledWorkflows":[]},"_links":{"self":[{"href":"https:\/\/noticiasveracruz.com\/index.php\/wp-json\/wp\/v2\/posts\/44815","targetHints":{"allow":["GET"]}}],"collection":[{"href":"https:\/\/noticiasveracruz.com\/index.php\/wp-json\/wp\/v2\/posts"}],"about":[{"href":"https:\/\/noticiasveracruz.com\/index.php\/wp-json\/wp\/v2\/types\/post"}],"author":[{"embeddable":true,"href":"https:\/\/noticiasveracruz.com\/index.php\/wp-json\/wp\/v2\/users\/4"}],"replies":[{"embeddable":true,"href":"https:\/\/noticiasveracruz.com\/index.php\/wp-json\/wp\/v2\/comments?post=44815"}],"version-history":[{"count":0,"href":"https:\/\/noticiasveracruz.com\/index.php\/wp-json\/wp\/v2\/posts\/44815\/revisions"}],"wp:featuredmedia":[{"embeddable":true,"href":"https:\/\/noticiasveracruz.com\/index.php\/wp-json\/wp\/v2\/media\/44816"}],"wp:attachment":[{"href":"https:\/\/noticiasveracruz.com\/index.php\/wp-json\/wp\/v2\/media?parent=44815"}],"wp:term":[{"taxonomy":"category","embeddable":true,"href":"https:\/\/noticiasveracruz.com\/index.php\/wp-json\/wp\/v2\/categories?post=44815"},{"taxonomy":"post_tag","embeddable":true,"href":"https:\/\/noticiasveracruz.com\/index.php\/wp-json\/wp\/v2\/tags?post=44815"}],"curies":[{"name":"wp","href":"https:\/\/api.w.org\/{rel}","templated":true}]}}