{"id":4481,"date":"2022-05-19T17:51:40","date_gmt":"2022-05-19T22:51:40","guid":{"rendered":"https:\/\/noticiasveracruz.com\/?p=4481"},"modified":"2022-05-19T19:06:33","modified_gmt":"2022-05-20T00:06:33","slug":"bremer-quiere-salvar-a-los-tiburones-del-veracruz","status":"publish","type":"post","link":"https:\/\/noticiasveracruz.com\/index.php\/2022\/05\/19\/bremer-quiere-salvar-a-los-tiburones-del-veracruz\/","title":{"rendered":"Carlos Bremer quiere salvar a los Tiburones del Veracruz"},"content":{"rendered":"<p class=\"p1\"><span style=\"font-size: 14pt;\"><em><strong>Ciudad de M\u00e9xico. <\/strong><\/em><strong>Carlos Bremer<\/strong>, presidente y director general de\u00a0<strong>VALUE Grupo Financiero<\/strong>, dej\u00f3 abierta la posibilidad de<strong> revivir a los Tiburones del Veracruz<\/strong>, en pr\u00f3ximos d\u00edas se reunir\u00eda con el gobernador Cuitl\u00e1huac Garc\u00eda para ver los proyectos deportivos del estado.<\/span><\/p>\n<p class=\"p1\"><span style=\"font-size: 18pt;\"><strong>\u201cAhorita estamos viendo otros proyectos, como el basquetbol o por qu\u00e9 no, buscar recuperar a mis tocayos, los\u00a0Tiburones del Veracruz. Voy a ver al gobernador para verlos porque trae proyectos &#8216;padres&#8217; y ver en qu\u00e9 podemos participar\u201d, dijo el empresario a medios locales de Veracruz.<\/strong><\/span><\/p>\n<p class=\"p1\"><span style=\"font-size: 14pt;\">Y es que <strong>Carlos Bremer es uno de los empresarios que m\u00e1s ha invertido en los \u00faltimos a\u00f1os en el deporte mexicano<\/strong>, por lo que no ser\u00eda extra\u00f1o que busquen <strong>revivir la franquicia<\/strong>, <strong>misma que se desafili\u00f3 en 2019 por parte de la\u00a0Federaci\u00f3n Mexicana de Futbol<\/strong>.<\/span><\/p>\n<p class=\"p1\"><span style=\"font-size: 14pt;\">Bremer\u00a0sostuvo que podr\u00eda pasar como el equipo de beisbol, el \u00c1guila, mismo que es una franquicia hist\u00f3rica para dicho deporte en M\u00e9xico.<\/span><\/p>\n<p class=\"p1\"><strong><span style=\"font-size: 18pt;\">\u201cSe revivi\u00f3 al \u00c1guila y ah\u00ed participamos muy fuerte porque llevamos el beisbol en la sangre. Le metimos muchas ganas desde el a\u00f1o pasado\u201d, sostuvo el empresario mexicano.<\/span><\/strong><\/p>\n<p class=\"p1\"><span style=\"font-size: 14pt;\">De momento, <strong>han existido muchos rumores sobre revivir al equipo escualo<\/strong>, pero no hay nada claro sobre el futuro de una franquicia en el estado, pues hasta el momento no hay alg\u00fan empresario que haya expresado p\u00fablicamente su deseo de recuperar al conjunto.<\/span><\/p>\n<p class=\"p1\"><span style=\"font-size: 14pt;\"><strong>Los Tiburones del Veracruz perdieron la categor\u00eda y fueron desafiliados en 2019 debido a que violaron diversos estatutos de la Federaci\u00f3n Mexicana y de la Liga MX<\/strong>, mismos como la falta de liquidez por parte del entonces due\u00f1o, Fidel Kuri Grajales.<\/span><\/p>\n<p class=\"p1\"><span style=\"font-size: 14pt;\">Incluso, ante el incumplimiento de pagos y los reclamos de los jugadores, la Federaci\u00f3n hizo uso de un fondo de emergencia para cubrir parte de los adeudos.<\/span><\/p>\n<p class=\"p1\"><strong><span style=\"font-size: 18pt;\">\u201cHay una revocaci\u00f3n de la franquicia, a partir de este momento los jugadores del club Veracruz quedan en libertad y pueden ser contratados con el club que quieran\u201d, dijo\u00a0Yon de Luisa, presidente de la FMF en su momento.<\/span><\/strong><\/p>\n<p>&nbsp;<\/p>\n<p>&nbsp;<\/p>\n<p class=\"p1\"><strong><span style=\"font-size: 14pt;\">Informaci\u00f3n: ESPN<\/span><\/strong><\/p>\n<p>&nbsp;<\/p>\n<p>&nbsp;<\/p>\n<p>&nbsp;<\/p>\n<p>&nbsp;<\/p>\n","protected":false},"excerpt":{"rendered":"<p>Ciudad de M\u00e9xico. Carlos Bremer, presidente y director general de\u00a0VALUE Grupo Financiero, dej\u00f3 abierta la posibilidad de revivir a los<\/p>\n","protected":false},"author":4,"featured_media":4482,"comment_status":"closed","ping_status":"closed","sticky":false,"template":"","format":"standard","meta":{"colormag_page_container_layout":"default_layout","colormag_page_sidebar_layout":"default_layout","_jetpack_memberships_contains_paid_content":false,"footnotes":"","jetpack_publicize_message":"","jetpack_publicize_feature_enabled":true,"jetpack_social_post_already_shared":false,"jetpack_social_options":{"image_generator_settings":{"template":"highway","default_image_id":0,"font":"","enabled":false},"version":2}},"categories":[356],"tags":[734,735,733],"class_list":["post-4481","post","type-post","status-publish","format-standard","has-post-thumbnail","hentry","category-veracruz","tag-carlos-bremer","tag-futbol","tag-tiburones-del-veracruz"],"jetpack_publicize_connections":[],"jetpack_featured_media_url":"https:\/\/noticiasveracruz.com\/wp-content\/uploads\/2022\/05\/P-TIBURONES.png","jetpack_sharing_enabled":true,"publishpress_future_action":{"enabled":false,"date":"2026-05-08 23:46:06","action":"change-status","newStatus":"draft","terms":[],"taxonomy":"category","extraData":[]},"publishpress_future_workflow_manual_trigger":{"enabledWorkflows":[]},"_links":{"self":[{"href":"https:\/\/noticiasveracruz.com\/index.php\/wp-json\/wp\/v2\/posts\/4481","targetHints":{"allow":["GET"]}}],"collection":[{"href":"https:\/\/noticiasveracruz.com\/index.php\/wp-json\/wp\/v2\/posts"}],"about":[{"href":"https:\/\/noticiasveracruz.com\/index.php\/wp-json\/wp\/v2\/types\/post"}],"author":[{"embeddable":true,"href":"https:\/\/noticiasveracruz.com\/index.php\/wp-json\/wp\/v2\/users\/4"}],"replies":[{"embeddable":true,"href":"https:\/\/noticiasveracruz.com\/index.php\/wp-json\/wp\/v2\/comments?post=4481"}],"version-history":[{"count":0,"href":"https:\/\/noticiasveracruz.com\/index.php\/wp-json\/wp\/v2\/posts\/4481\/revisions"}],"wp:featuredmedia":[{"embeddable":true,"href":"https:\/\/noticiasveracruz.com\/index.php\/wp-json\/wp\/v2\/media\/4482"}],"wp:attachment":[{"href":"https:\/\/noticiasveracruz.com\/index.php\/wp-json\/wp\/v2\/media?parent=4481"}],"wp:term":[{"taxonomy":"category","embeddable":true,"href":"https:\/\/noticiasveracruz.com\/index.php\/wp-json\/wp\/v2\/categories?post=4481"},{"taxonomy":"post_tag","embeddable":true,"href":"https:\/\/noticiasveracruz.com\/index.php\/wp-json\/wp\/v2\/tags?post=4481"}],"curies":[{"name":"wp","href":"https:\/\/api.w.org\/{rel}","templated":true}]}}