{"id":44784,"date":"2024-11-27T00:05:31","date_gmt":"2024-11-27T06:05:31","guid":{"rendered":"https:\/\/noticiasveracruz.com\/?p=44784"},"modified":"2024-11-26T19:15:04","modified_gmt":"2024-11-27T01:15:04","slug":"es-un-insulto-que-eu-mezcle-a-canada-con-mexico-dice-alcalde-de-ontario","status":"publish","type":"post","link":"https:\/\/noticiasveracruz.com\/index.php\/2024\/11\/27\/es-un-insulto-que-eu-mezcle-a-canada-con-mexico-dice-alcalde-de-ontario\/","title":{"rendered":"Es un insulto que EU mezcle a Canad\u00e1 con M\u00e9xico, dice alcalde de Ontario"},"content":{"rendered":"<p><span style=\"font-size: 14pt;\">Doug Ford, el jefe de Gobierno de Ontario, la provincia m\u00e1s industrial de Canad\u00e1, declar\u00f3 este martes que\u00a0es un \u00abinsulto\u00bb que Estados Unidos mezcle a Canad\u00e1 con M\u00e9xico.<\/span><\/p>\n<p><span style=\"font-size: 14pt;\">\u00abCompararnos con M\u00e9xico es lo m\u00e1s insultante que nunca he escuchado por parte de nuestros amigos (estadounidenses)\u00bb, declar\u00f3 Ford.<\/span><\/p>\n<p><span style=\"font-size: 14pt;\">El jefe de Gobierno de Ontario solicit\u00f3 la semana pasada la\u00a0expulsi\u00f3n de M\u00e9xico del T-MEC ante la llegada de Trump a la Casa Blanca.<\/span><\/p>\n<p><span style=\"font-size: 14pt;\">La idea de Ford ha sido respaldada por muchos de los jefes de Gobierno provinciales que temen que la imposici\u00f3n de\u00a0aranceles de un 25 por ciento por parte de Estados Unidos provocar\u00e1 una recesi\u00f3n en el pa\u00eds.<\/span><\/p>\n<p><span style=\"font-size: 14pt;\">Por su parte, el ministro de Industria de Canad\u00e1, Fran\u00e7ois-Philippe Champagne, declar\u00f3 este martes que Ottawa dejar\u00e1 claro a Washington que \u00abno deber\u00eda confundir la frontera mexicana con la canadiense\u00bb ante la amenaza de aranceles del 25 por ciento anunciada por el presidente electo estadounidense,\u00a0Donald Trump.<\/span><\/p>\n<p><span style=\"font-size: 14pt;\">\u00abSomos muy conscientes que necesitamos proteger nuestra frontera. Lo estamos haciendo. Lo estamos haciendo de forma conjunta con Estados Unidos\u00bb, explic\u00f3 Champagne, quien a\u00f1adi\u00f3 que \u00ablo m\u00e1s importante ser\u00e1 defender los intereses de los trabajadores y la industria canadienses\u00bb.<\/span><\/p>\n","protected":false},"excerpt":{"rendered":"<p>Doug Ford, el jefe de Gobierno de Ontario, la provincia m\u00e1s industrial de Canad\u00e1, declar\u00f3 este martes que\u00a0es un \u00abinsulto\u00bb<\/p>\n","protected":false},"author":4,"featured_media":44785,"comment_status":"closed","ping_status":"closed","sticky":false,"template":"","format":"standard","meta":{"colormag_page_container_layout":"default_layout","colormag_page_sidebar_layout":"default_layout","_jetpack_memberships_contains_paid_content":false,"footnotes":"","jetpack_publicize_message":"","jetpack_publicize_feature_enabled":true,"jetpack_social_post_already_shared":true,"jetpack_social_options":{"image_generator_settings":{"template":"highway","default_image_id":0,"font":"","enabled":false},"version":2}},"categories":[355],"tags":[],"class_list":["post-44784","post","type-post","status-publish","format-standard","has-post-thumbnail","hentry","category-internacional"],"jetpack_publicize_connections":[],"jetpack_featured_media_url":"https:\/\/noticiasveracruz.com\/wp-content\/uploads\/2024\/11\/Dolar-peso-aranceles-1.jpg","jetpack_sharing_enabled":true,"publishpress_future_action":{"enabled":false,"date":"2026-05-08 11:20:21","action":"change-status","newStatus":"draft","terms":[],"taxonomy":"category","extraData":[]},"publishpress_future_workflow_manual_trigger":{"enabledWorkflows":[]},"_links":{"self":[{"href":"https:\/\/noticiasveracruz.com\/index.php\/wp-json\/wp\/v2\/posts\/44784","targetHints":{"allow":["GET"]}}],"collection":[{"href":"https:\/\/noticiasveracruz.com\/index.php\/wp-json\/wp\/v2\/posts"}],"about":[{"href":"https:\/\/noticiasveracruz.com\/index.php\/wp-json\/wp\/v2\/types\/post"}],"author":[{"embeddable":true,"href":"https:\/\/noticiasveracruz.com\/index.php\/wp-json\/wp\/v2\/users\/4"}],"replies":[{"embeddable":true,"href":"https:\/\/noticiasveracruz.com\/index.php\/wp-json\/wp\/v2\/comments?post=44784"}],"version-history":[{"count":0,"href":"https:\/\/noticiasveracruz.com\/index.php\/wp-json\/wp\/v2\/posts\/44784\/revisions"}],"wp:featuredmedia":[{"embeddable":true,"href":"https:\/\/noticiasveracruz.com\/index.php\/wp-json\/wp\/v2\/media\/44785"}],"wp:attachment":[{"href":"https:\/\/noticiasveracruz.com\/index.php\/wp-json\/wp\/v2\/media?parent=44784"}],"wp:term":[{"taxonomy":"category","embeddable":true,"href":"https:\/\/noticiasveracruz.com\/index.php\/wp-json\/wp\/v2\/categories?post=44784"},{"taxonomy":"post_tag","embeddable":true,"href":"https:\/\/noticiasveracruz.com\/index.php\/wp-json\/wp\/v2\/tags?post=44784"}],"curies":[{"name":"wp","href":"https:\/\/api.w.org\/{rel}","templated":true}]}}