{"id":44781,"date":"2024-11-27T00:04:18","date_gmt":"2024-11-27T06:04:18","guid":{"rendered":"https:\/\/noticiasveracruz.com\/?p=44781"},"modified":"2024-11-26T19:13:07","modified_gmt":"2024-11-27T01:13:07","slug":"develan-retratos-de-los-reyes-felipe-vi-y-letizia-hechos-por-la-fotografa-annie-leibovitz","status":"publish","type":"post","link":"https:\/\/noticiasveracruz.com\/index.php\/2024\/11\/27\/develan-retratos-de-los-reyes-felipe-vi-y-letizia-hechos-por-la-fotografa-annie-leibovitz\/","title":{"rendered":"Develan retratos de los reyes Felipe VI y Letizia hechos por la fot\u00f3grafa Annie Leibovitz"},"content":{"rendered":"<p><span style=\"font-size: 14pt;\">Seis meses de preparativos, cientos de disparos y cinco horas de sesi\u00f3n ha empleado la reconocida\u00a0fot\u00f3grafa Annie Leibovitz\u00a0en los retratos de gran tama\u00f1o de los\u00a0reyes de Espa\u00f1a, Felipe VI y Letizia, vestida por\u00a0Balenciaga, que se han presentado este martes.<\/span><\/p>\n<p><span style=\"font-size: 14pt;\">En el trabajo de\u00a0Leibovitz, los reyes aparecen en una composici\u00f3n al estilo de\u00a0\u00abLas meninas\u00bb\u00a0(1656), la pintura m\u00e1s conocida de\u00a0Diego Vel\u00e1zquez, en el\u00a0Palacio Real de Madrid.<\/span><\/p>\n<p><span style=\"font-size: 14pt;\">Estos retratos, que se hicieron el pasado 7 de febrero pero se han dado a conocer en una muestra presentada este martes, forman un d\u00edptico y se sumar\u00e1n a la colecci\u00f3n del\u00a0Banco de Espa\u00f1a.<\/span><\/p>\n<p><span style=\"font-size: 14pt;\">En el segundo, la\u00a0reina\u00a0entra en la c\u00e1mara, inundada de luz natural, con un vestido con escote palabra de honor de tul de seda, de los a\u00f1os cuarenta y una capa de gala en seda rosa, de los a\u00f1os sesenta, ambos del dise\u00f1ador espa\u00f1ol\u00a0Crist\u00f3bal Balenciaga.<\/span><\/p>\n<p><span style=\"font-size: 14pt;\">Como complementos, la reina Letizia luce un collar de chatones -joya que el rey Alfonso XIII regal\u00f3 a su esposa Victoria Eugenia de Battermberg-, pendientes de brillantes y anillo en el dedo \u00edndice, de la firma contempor\u00e1nea Coreterno, una pieza que lleva inscritas las palabras \u00abAmor che tutto move\u00bb (el amor todo lo mueve).<\/span><\/p>\n","protected":false},"excerpt":{"rendered":"<p>Seis meses de preparativos, cientos de disparos y cinco horas de sesi\u00f3n ha empleado la reconocida\u00a0fot\u00f3grafa Annie Leibovitz\u00a0en los retratos<\/p>\n","protected":false},"author":4,"featured_media":44782,"comment_status":"closed","ping_status":"closed","sticky":false,"template":"","format":"standard","meta":{"colormag_page_container_layout":"default_layout","colormag_page_sidebar_layout":"default_layout","_jetpack_memberships_contains_paid_content":false,"footnotes":"","jetpack_publicize_message":"","jetpack_publicize_feature_enabled":true,"jetpack_social_post_already_shared":true,"jetpack_social_options":{"image_generator_settings":{"template":"highway","default_image_id":0,"font":"","enabled":false},"version":2}},"categories":[355],"tags":[],"class_list":["post-44781","post","type-post","status-publish","format-standard","has-post-thumbnail","hentry","category-internacional"],"jetpack_publicize_connections":[],"jetpack_featured_media_url":"https:\/\/noticiasveracruz.com\/wp-content\/uploads\/2024\/11\/Rey-Felipe-Reina-Letizia.png","jetpack_sharing_enabled":true,"publishpress_future_action":{"enabled":false,"date":"2026-05-08 10:26:11","action":"change-status","newStatus":"draft","terms":[],"taxonomy":"category","extraData":[]},"publishpress_future_workflow_manual_trigger":{"enabledWorkflows":[]},"_links":{"self":[{"href":"https:\/\/noticiasveracruz.com\/index.php\/wp-json\/wp\/v2\/posts\/44781","targetHints":{"allow":["GET"]}}],"collection":[{"href":"https:\/\/noticiasveracruz.com\/index.php\/wp-json\/wp\/v2\/posts"}],"about":[{"href":"https:\/\/noticiasveracruz.com\/index.php\/wp-json\/wp\/v2\/types\/post"}],"author":[{"embeddable":true,"href":"https:\/\/noticiasveracruz.com\/index.php\/wp-json\/wp\/v2\/users\/4"}],"replies":[{"embeddable":true,"href":"https:\/\/noticiasveracruz.com\/index.php\/wp-json\/wp\/v2\/comments?post=44781"}],"version-history":[{"count":0,"href":"https:\/\/noticiasveracruz.com\/index.php\/wp-json\/wp\/v2\/posts\/44781\/revisions"}],"wp:featuredmedia":[{"embeddable":true,"href":"https:\/\/noticiasveracruz.com\/index.php\/wp-json\/wp\/v2\/media\/44782"}],"wp:attachment":[{"href":"https:\/\/noticiasveracruz.com\/index.php\/wp-json\/wp\/v2\/media?parent=44781"}],"wp:term":[{"taxonomy":"category","embeddable":true,"href":"https:\/\/noticiasveracruz.com\/index.php\/wp-json\/wp\/v2\/categories?post=44781"},{"taxonomy":"post_tag","embeddable":true,"href":"https:\/\/noticiasveracruz.com\/index.php\/wp-json\/wp\/v2\/tags?post=44781"}],"curies":[{"name":"wp","href":"https:\/\/api.w.org\/{rel}","templated":true}]}}