{"id":44776,"date":"2024-11-26T15:51:43","date_gmt":"2024-11-26T21:51:43","guid":{"rendered":"https:\/\/noticiasveracruz.com\/?p=44776"},"modified":"2024-11-26T15:51:43","modified_gmt":"2024-11-26T21:51:43","slug":"con-multitudinario-desfile-se-conmemoro-el-114-aniversario-del-inicio-de-la-revolucion-mexicana","status":"publish","type":"post","link":"https:\/\/noticiasveracruz.com\/index.php\/2024\/11\/26\/con-multitudinario-desfile-se-conmemoro-el-114-aniversario-del-inicio-de-la-revolucion-mexicana\/","title":{"rendered":"Con multitudinario desfile se conmemor\u00f3 el 114 Aniversario del Inicio de la Revoluci\u00f3n Mexicana"},"content":{"rendered":"<p><span style=\"font-size: 14pt;\">Esta ma\u00f1ana se llev\u00f3 a cabo el desfile c\u00edvico-deportivo conmemorativo del 114 aniversario del inicio de la Revoluci\u00f3n Mexicana, en el que participaron m\u00e1s de 7 mil personas.<\/span><\/p>\n<p><span style=\"font-size: 14pt;\">Un gran n\u00famero de familias se reunieron en el bulevar para presenciar y apoyar a los contingentes integrados por 32 instituciones educativas de nivel b\u00e1sico, medio-superior y superior; Pentatl\u00f3n Tuxpan; Secretar\u00eda de Marina Armada de M\u00e9xico; Secretar\u00eda de la Defensa Nacional, Secretar\u00eda de Seguridad P\u00fablica, Protecci\u00f3n Civil y Bomberos.<\/span><\/p>\n<p><span style=\"font-size: 14pt;\">Conformaron el pres\u00eddium el Prof. Jorge Arturo Garc\u00eda Robles, director de Educaci\u00f3n, en representaci\u00f3n del alcalde Jes\u00fas Fomperoza; Cap. Nav. CG. DEM. Jos\u00e9 Ferrer Rodr\u00edguez, representando a la Fuerza Naval del Golfo; coronel de infanter\u00eda DEM. Jos\u00e9 Le\u00f3n Corral Mendoza, jefe de Estado Mayor de la 19\u00aa Zona Militar; Cap. de Fgta. Flavio Casta\u00f1eda M\u00e1rquez, representando a la 5\u00aa Zona Naval; coronel de infanter\u00eda DEM. Blas Rosendo Cisneros Guti\u00e9rrez, comandante del 39 Batall\u00f3n de Infanter\u00eda.<\/span><\/p>\n<p><span style=\"font-size: 14pt;\">Asimismo, la s\u00edndica \u00fanica Beatriz Pi\u00f1a Vergara; las regidoras y los regidores Amado Guti\u00e9rrez Lima, Mar\u00eda del Pilar Mart\u00ednez Matesanz, Maryanela Monroy Flores, Anah\u00ed Aguilar L\u00f3pez, Juan G\u00f3mez Garc\u00eda, Lucero Res\u00e9ndis Ambrocio, Luis Demetrio L\u00f3pez Mar\u00edn y Axel Bernal Herrera.<\/span><\/p>\n<p><span style=\"font-size: 14pt;\">El desfile inici\u00f3 con el contingente de atletas paral\u00edmpicos y los deportistas m\u00e1s destacados del municipio; seguidos de los veh\u00edculos y personal de la SEMAR, SEDENA y Guardia Nacional.<\/span><\/p>\n<p><span style=\"font-size: 14pt;\">Continuaron los bloques de estudiantes quienes, vestidos de uniformes deportivos o trajes alusivos a la fecha, realizaron tablas r\u00edtmicas y acrobacias, acompa\u00f1adas de m\u00fasica mexicana. Adem\u00e1s, llevaron a cabo la exhibici\u00f3n de diversas disciplinas deportivas.<\/span><\/p>\n<p><span style=\"font-size: 14pt;\">Tambi\u00e9n estuvieron presentes el primer subinspector Aldair Yosimar Hern\u00e1ndez Mart\u00ednez, en representaci\u00f3n de la 171 compa\u00f1\u00eda de la Guardia Nacional; vicealmirante Nicodemus Villag\u00f3mez Broca, director general de ASIPONATUX; primer maestre Placido Le\u00f3n Jim\u00e9nez, en representaci\u00f3n del Capit\u00e1n de Puerto.<\/span><\/p>\n<p><span style=\"font-size: 14pt;\">Para el evento se cont\u00f3 con servicio m\u00e9dico de primeros auxilios, y al t\u00e9rmino se report\u00f3 saldo blanco.<\/span><\/p>\n<p><img loading=\"lazy\" decoding=\"async\" class=\"alignnone size-medium wp-image-44777\" src=\"http:\/\/noticiasveracruz.com\/wp-content\/uploads\/2024\/11\/fbbac5d5-1fb8-4c40-821a-6d915d147f5f-300x169.jpg\" alt=\"\" width=\"300\" height=\"169\" srcset=\"https:\/\/noticiasveracruz.com\/wp-content\/uploads\/2024\/11\/fbbac5d5-1fb8-4c40-821a-6d915d147f5f-300x169.jpg 300w, https:\/\/noticiasveracruz.com\/wp-content\/uploads\/2024\/11\/fbbac5d5-1fb8-4c40-821a-6d915d147f5f-1024x576.jpg 1024w, https:\/\/noticiasveracruz.com\/wp-content\/uploads\/2024\/11\/fbbac5d5-1fb8-4c40-821a-6d915d147f5f-768x432.jpg 768w, https:\/\/noticiasveracruz.com\/wp-content\/uploads\/2024\/11\/fbbac5d5-1fb8-4c40-821a-6d915d147f5f-1536x864.jpg 1536w, https:\/\/noticiasveracruz.com\/wp-content\/uploads\/2024\/11\/fbbac5d5-1fb8-4c40-821a-6d915d147f5f.jpg 1600w\" sizes=\"auto, (max-width: 300px) 100vw, 300px\" \/><\/p>\n","protected":false},"excerpt":{"rendered":"<p>Esta ma\u00f1ana se llev\u00f3 a cabo el desfile c\u00edvico-deportivo conmemorativo del 114 aniversario del inicio de la Revoluci\u00f3n Mexicana, en<\/p>\n","protected":false},"author":4,"featured_media":44778,"comment_status":"closed","ping_status":"closed","sticky":false,"template":"","format":"standard","meta":{"colormag_page_container_layout":"default_layout","colormag_page_sidebar_layout":"default_layout","_jetpack_memberships_contains_paid_content":false,"footnotes":"","jetpack_publicize_message":"","jetpack_publicize_feature_enabled":true,"jetpack_social_post_already_shared":true,"jetpack_social_options":{"image_generator_settings":{"template":"highway","default_image_id":0,"font":"","enabled":false},"version":2}},"categories":[3372,356],"tags":[],"class_list":["post-44776","post","type-post","status-publish","format-standard","has-post-thumbnail","hentry","category-gobierno-tuxpan","category-veracruz"],"jetpack_publicize_connections":[],"jetpack_featured_media_url":"https:\/\/noticiasveracruz.com\/wp-content\/uploads\/2024\/11\/3787e037-6bbe-485d-a418-48eb708f9f81.jpg","jetpack_sharing_enabled":true,"publishpress_future_action":{"enabled":false,"date":"2026-05-08 09:34:53","action":"change-status","newStatus":"draft","terms":[],"taxonomy":"category","extraData":[]},"publishpress_future_workflow_manual_trigger":{"enabledWorkflows":[]},"_links":{"self":[{"href":"https:\/\/noticiasveracruz.com\/index.php\/wp-json\/wp\/v2\/posts\/44776","targetHints":{"allow":["GET"]}}],"collection":[{"href":"https:\/\/noticiasveracruz.com\/index.php\/wp-json\/wp\/v2\/posts"}],"about":[{"href":"https:\/\/noticiasveracruz.com\/index.php\/wp-json\/wp\/v2\/types\/post"}],"author":[{"embeddable":true,"href":"https:\/\/noticiasveracruz.com\/index.php\/wp-json\/wp\/v2\/users\/4"}],"replies":[{"embeddable":true,"href":"https:\/\/noticiasveracruz.com\/index.php\/wp-json\/wp\/v2\/comments?post=44776"}],"version-history":[{"count":0,"href":"https:\/\/noticiasveracruz.com\/index.php\/wp-json\/wp\/v2\/posts\/44776\/revisions"}],"wp:featuredmedia":[{"embeddable":true,"href":"https:\/\/noticiasveracruz.com\/index.php\/wp-json\/wp\/v2\/media\/44778"}],"wp:attachment":[{"href":"https:\/\/noticiasveracruz.com\/index.php\/wp-json\/wp\/v2\/media?parent=44776"}],"wp:term":[{"taxonomy":"category","embeddable":true,"href":"https:\/\/noticiasveracruz.com\/index.php\/wp-json\/wp\/v2\/categories?post=44776"},{"taxonomy":"post_tag","embeddable":true,"href":"https:\/\/noticiasveracruz.com\/index.php\/wp-json\/wp\/v2\/tags?post=44776"}],"curies":[{"name":"wp","href":"https:\/\/api.w.org\/{rel}","templated":true}]}}