{"id":44773,"date":"2024-11-26T15:49:28","date_gmt":"2024-11-26T21:49:28","guid":{"rendered":"https:\/\/noticiasveracruz.com\/?p=44773"},"modified":"2024-11-26T15:49:28","modified_gmt":"2024-11-26T21:49:28","slug":"gran-oportunidad-para-las-personas-que-buscan-una-oportunidad-laboral","status":"publish","type":"post","link":"https:\/\/noticiasveracruz.com\/index.php\/2024\/11\/26\/gran-oportunidad-para-las-personas-que-buscan-una-oportunidad-laboral\/","title":{"rendered":"Gran oportunidad para las personas que buscan una oportunidad laboral"},"content":{"rendered":"<p><span style=\"font-size: 14pt;\">El Servicio Municipal de Empleo instalar\u00e1 una mesa de atenci\u00f3n para reclutamiento en planta baja de presidencia municipal, este mi\u00e9rcoles 27 de noviembre de 9:00 a 15:00 horas.<\/span><\/p>\n<p><span style=\"font-size: 14pt;\">Esta es una gran oportunidad para las personas que andan en busca de una oportunidad laboral.<\/span><\/p>\n<p><img loading=\"lazy\" decoding=\"async\" class=\"alignnone size-medium wp-image-44774\" src=\"http:\/\/noticiasveracruz.com\/wp-content\/uploads\/2024\/11\/84412a56-03f3-49bb-bce4-3fd634bcdacb-300x300.jpg\" alt=\"\" width=\"300\" height=\"300\" srcset=\"https:\/\/noticiasveracruz.com\/wp-content\/uploads\/2024\/11\/84412a56-03f3-49bb-bce4-3fd634bcdacb-300x300.jpg 300w, https:\/\/noticiasveracruz.com\/wp-content\/uploads\/2024\/11\/84412a56-03f3-49bb-bce4-3fd634bcdacb-1024x1024.jpg 1024w, https:\/\/noticiasveracruz.com\/wp-content\/uploads\/2024\/11\/84412a56-03f3-49bb-bce4-3fd634bcdacb-150x150.jpg 150w, https:\/\/noticiasveracruz.com\/wp-content\/uploads\/2024\/11\/84412a56-03f3-49bb-bce4-3fd634bcdacb-768x768.jpg 768w, https:\/\/noticiasveracruz.com\/wp-content\/uploads\/2024\/11\/84412a56-03f3-49bb-bce4-3fd634bcdacb.jpg 1080w\" sizes=\"auto, (max-width: 300px) 100vw, 300px\" \/><\/p>\n","protected":false},"excerpt":{"rendered":"<p>El Servicio Municipal de Empleo instalar\u00e1 una mesa de atenci\u00f3n para reclutamiento en planta baja de presidencia municipal, este mi\u00e9rcoles<\/p>\n","protected":false},"author":4,"featured_media":44774,"comment_status":"closed","ping_status":"closed","sticky":false,"template":"","format":"standard","meta":{"colormag_page_container_layout":"default_layout","colormag_page_sidebar_layout":"default_layout","_jetpack_memberships_contains_paid_content":false,"footnotes":"","jetpack_publicize_message":"","jetpack_publicize_feature_enabled":true,"jetpack_social_post_already_shared":true,"jetpack_social_options":{"image_generator_settings":{"template":"highway","default_image_id":0,"font":"","enabled":false},"version":2}},"categories":[3372,356],"tags":[],"class_list":["post-44773","post","type-post","status-publish","format-standard","has-post-thumbnail","hentry","category-gobierno-tuxpan","category-veracruz"],"jetpack_publicize_connections":[],"jetpack_featured_media_url":"https:\/\/noticiasveracruz.com\/wp-content\/uploads\/2024\/11\/84412a56-03f3-49bb-bce4-3fd634bcdacb.jpg","jetpack_sharing_enabled":true,"publishpress_future_action":{"enabled":false,"date":"2026-05-08 09:28:02","action":"change-status","newStatus":"draft","terms":[],"taxonomy":"category","extraData":[]},"publishpress_future_workflow_manual_trigger":{"enabledWorkflows":[]},"_links":{"self":[{"href":"https:\/\/noticiasveracruz.com\/index.php\/wp-json\/wp\/v2\/posts\/44773","targetHints":{"allow":["GET"]}}],"collection":[{"href":"https:\/\/noticiasveracruz.com\/index.php\/wp-json\/wp\/v2\/posts"}],"about":[{"href":"https:\/\/noticiasveracruz.com\/index.php\/wp-json\/wp\/v2\/types\/post"}],"author":[{"embeddable":true,"href":"https:\/\/noticiasveracruz.com\/index.php\/wp-json\/wp\/v2\/users\/4"}],"replies":[{"embeddable":true,"href":"https:\/\/noticiasveracruz.com\/index.php\/wp-json\/wp\/v2\/comments?post=44773"}],"version-history":[{"count":0,"href":"https:\/\/noticiasveracruz.com\/index.php\/wp-json\/wp\/v2\/posts\/44773\/revisions"}],"wp:featuredmedia":[{"embeddable":true,"href":"https:\/\/noticiasveracruz.com\/index.php\/wp-json\/wp\/v2\/media\/44774"}],"wp:attachment":[{"href":"https:\/\/noticiasveracruz.com\/index.php\/wp-json\/wp\/v2\/media?parent=44773"}],"wp:term":[{"taxonomy":"category","embeddable":true,"href":"https:\/\/noticiasveracruz.com\/index.php\/wp-json\/wp\/v2\/categories?post=44773"},{"taxonomy":"post_tag","embeddable":true,"href":"https:\/\/noticiasveracruz.com\/index.php\/wp-json\/wp\/v2\/tags?post=44773"}],"curies":[{"name":"wp","href":"https:\/\/api.w.org\/{rel}","templated":true}]}}