{"id":44751,"date":"2024-11-26T00:09:07","date_gmt":"2024-11-26T06:09:07","guid":{"rendered":"https:\/\/noticiasveracruz.com\/?p=44751"},"modified":"2024-11-25T22:20:10","modified_gmt":"2024-11-26T04:20:10","slug":"nuevo-leon-duplica-el-crecimiento-nacional-y-lidera-en-empleo-formal-emmanuel-loo","status":"publish","type":"post","link":"https:\/\/noticiasveracruz.com\/index.php\/2024\/11\/26\/nuevo-leon-duplica-el-crecimiento-nacional-y-lidera-en-empleo-formal-emmanuel-loo\/","title":{"rendered":"Nuevo Le\u00f3n duplica el crecimiento nacional y lidera en empleo formal: Emmanuel Loo"},"content":{"rendered":"<p><span style=\"font-size: 14pt;\">El estado de Nuevo Le\u00f3n se posiciona como l\u00edder econ\u00f3mico en M\u00e9xico, impulsado por el nearshoring y su s\u00f3lido desempe\u00f1o en la generaci\u00f3n de empleos formales. De acuerdo con la Secretar\u00eda de Econom\u00eda, con base en datos del Inegi y el IMSS, la entidad registr\u00f3 un crecimiento del 3.1% en su Producto Interno Bruto (PIB), durante el primer semestre de 2024, duplicando el promedio nacional de 1.8 por ciento.<\/span><\/p>\n<p><span style=\"font-size: 14pt;\">Entre enero y octubre de 2024, Nuevo Le\u00f3n report\u00f3 104,547 nuevas plazas laborales, un aumento del 5.7% en empleos formales, por arriba del crecimiento nacional del 2.7%, indica en un comunicado.<\/span><\/p>\n","protected":false},"excerpt":{"rendered":"<p>El estado de Nuevo Le\u00f3n se posiciona como l\u00edder econ\u00f3mico en M\u00e9xico, impulsado por el nearshoring y su s\u00f3lido desempe\u00f1o<\/p>\n","protected":false},"author":4,"featured_media":44752,"comment_status":"closed","ping_status":"closed","sticky":false,"template":"","format":"standard","meta":{"colormag_page_container_layout":"default_layout","colormag_page_sidebar_layout":"default_layout","_jetpack_memberships_contains_paid_content":false,"footnotes":"","jetpack_publicize_message":"","jetpack_publicize_feature_enabled":true,"jetpack_social_post_already_shared":true,"jetpack_social_options":{"image_generator_settings":{"template":"highway","default_image_id":0,"font":"","enabled":false},"version":2}},"categories":[145],"tags":[],"class_list":["post-44751","post","type-post","status-publish","format-standard","has-post-thumbnail","hentry","category-estados"],"jetpack_publicize_connections":[],"jetpack_featured_media_url":"https:\/\/noticiasveracruz.com\/wp-content\/uploads\/2024\/11\/673baf0030902-1.jpeg","jetpack_sharing_enabled":true,"publishpress_future_action":{"enabled":false,"date":"2026-05-08 12:57:12","action":"change-status","newStatus":"draft","terms":[],"taxonomy":"category","extraData":[]},"publishpress_future_workflow_manual_trigger":{"enabledWorkflows":[]},"_links":{"self":[{"href":"https:\/\/noticiasveracruz.com\/index.php\/wp-json\/wp\/v2\/posts\/44751","targetHints":{"allow":["GET"]}}],"collection":[{"href":"https:\/\/noticiasveracruz.com\/index.php\/wp-json\/wp\/v2\/posts"}],"about":[{"href":"https:\/\/noticiasveracruz.com\/index.php\/wp-json\/wp\/v2\/types\/post"}],"author":[{"embeddable":true,"href":"https:\/\/noticiasveracruz.com\/index.php\/wp-json\/wp\/v2\/users\/4"}],"replies":[{"embeddable":true,"href":"https:\/\/noticiasveracruz.com\/index.php\/wp-json\/wp\/v2\/comments?post=44751"}],"version-history":[{"count":0,"href":"https:\/\/noticiasveracruz.com\/index.php\/wp-json\/wp\/v2\/posts\/44751\/revisions"}],"wp:featuredmedia":[{"embeddable":true,"href":"https:\/\/noticiasveracruz.com\/index.php\/wp-json\/wp\/v2\/media\/44752"}],"wp:attachment":[{"href":"https:\/\/noticiasveracruz.com\/index.php\/wp-json\/wp\/v2\/media?parent=44751"}],"wp:term":[{"taxonomy":"category","embeddable":true,"href":"https:\/\/noticiasveracruz.com\/index.php\/wp-json\/wp\/v2\/categories?post=44751"},{"taxonomy":"post_tag","embeddable":true,"href":"https:\/\/noticiasveracruz.com\/index.php\/wp-json\/wp\/v2\/tags?post=44751"}],"curies":[{"name":"wp","href":"https:\/\/api.w.org\/{rel}","templated":true}]}}