{"id":44739,"date":"2024-11-26T00:04:30","date_gmt":"2024-11-26T06:04:30","guid":{"rendered":"https:\/\/noticiasveracruz.com\/?p=44739"},"modified":"2024-11-25T22:09:28","modified_gmt":"2024-11-26T04:09:28","slug":"fiscal-de-eu-solicita-desestimar-el-caso-contra-trump-por-el-asalto-al-capitolio","status":"publish","type":"post","link":"https:\/\/noticiasveracruz.com\/index.php\/2024\/11\/26\/fiscal-de-eu-solicita-desestimar-el-caso-contra-trump-por-el-asalto-al-capitolio\/","title":{"rendered":"Fiscal de EU solicita desestimar el caso contra Trump por el asalto al Capitolio"},"content":{"rendered":"<p><span style=\"font-size: 14pt;\">El fiscal especial Jack Smith solicit\u00f3 este lunes desestimar el caso contra el presidente electo de Estados Unidos, Donald Trump, por el\u00a0asalto al Capitolio, de 2021, antes de que asuma el poder el pr\u00f3ximo 20 de enero.<\/span><\/p>\n<p><span style=\"font-size: 14pt;\">En un escrito judicial, Smith remarc\u00f3 que\u00a0Trump\u00a0gan\u00f3 las elecciones del pasado 5 de noviembre y que la pol\u00edtica interna del\u00a0Departamento de Justicia\u00a0le proh\u00edbe proceder con\u00a0acusaciones penales\u00a0contra un presidente en ejercicio.<\/span><\/p>\n<p><span style=\"font-size: 14pt;\">Tras consultarlo con la Oficina de Asesor\u00eda Jur\u00eddica, Smith concluy\u00f3 que \u00abla acusaci\u00f3n debe ser desestimada antes de que el acusado tome posesi\u00f3n\u00bb.<\/span><\/p>\n<p><span style=\"font-size: 14pt;\">La jueza que lleva el caso, Tanya Chutkan, del tribunal federal del Distrito de Columbia, concedi\u00f3 el pasado 8 de noviembre una pausa al caso despu\u00e9s de que as\u00ed se lo solicitara el\u00a0fiscal\u00a0para tener tiempo para analizar las consecuencias del resultado electoral del pasado 5 de noviembre.<\/span><\/p>\n","protected":false},"excerpt":{"rendered":"<p>El fiscal especial Jack Smith solicit\u00f3 este lunes desestimar el caso contra el presidente electo de Estados Unidos, Donald Trump,<\/p>\n","protected":false},"author":4,"featured_media":44740,"comment_status":"closed","ping_status":"closed","sticky":false,"template":"","format":"standard","meta":{"colormag_page_container_layout":"default_layout","colormag_page_sidebar_layout":"default_layout","_jetpack_memberships_contains_paid_content":false,"footnotes":"","jetpack_publicize_message":"","jetpack_publicize_feature_enabled":true,"jetpack_social_post_already_shared":true,"jetpack_social_options":{"image_generator_settings":{"template":"highway","default_image_id":0,"font":"","enabled":false},"version":2}},"categories":[355],"tags":[],"class_list":["post-44739","post","type-post","status-publish","format-standard","has-post-thumbnail","hentry","category-internacional"],"jetpack_publicize_connections":[],"jetpack_featured_media_url":"https:\/\/noticiasveracruz.com\/wp-content\/uploads\/2024\/11\/Donald-Trump-Capitolio.png","jetpack_sharing_enabled":true,"publishpress_future_action":{"enabled":false,"date":"2026-05-08 10:18:14","action":"change-status","newStatus":"draft","terms":[],"taxonomy":"category","extraData":[]},"publishpress_future_workflow_manual_trigger":{"enabledWorkflows":[]},"_links":{"self":[{"href":"https:\/\/noticiasveracruz.com\/index.php\/wp-json\/wp\/v2\/posts\/44739","targetHints":{"allow":["GET"]}}],"collection":[{"href":"https:\/\/noticiasveracruz.com\/index.php\/wp-json\/wp\/v2\/posts"}],"about":[{"href":"https:\/\/noticiasveracruz.com\/index.php\/wp-json\/wp\/v2\/types\/post"}],"author":[{"embeddable":true,"href":"https:\/\/noticiasveracruz.com\/index.php\/wp-json\/wp\/v2\/users\/4"}],"replies":[{"embeddable":true,"href":"https:\/\/noticiasveracruz.com\/index.php\/wp-json\/wp\/v2\/comments?post=44739"}],"version-history":[{"count":0,"href":"https:\/\/noticiasveracruz.com\/index.php\/wp-json\/wp\/v2\/posts\/44739\/revisions"}],"wp:featuredmedia":[{"embeddable":true,"href":"https:\/\/noticiasveracruz.com\/index.php\/wp-json\/wp\/v2\/media\/44740"}],"wp:attachment":[{"href":"https:\/\/noticiasveracruz.com\/index.php\/wp-json\/wp\/v2\/media?parent=44739"}],"wp:term":[{"taxonomy":"category","embeddable":true,"href":"https:\/\/noticiasveracruz.com\/index.php\/wp-json\/wp\/v2\/categories?post=44739"},{"taxonomy":"post_tag","embeddable":true,"href":"https:\/\/noticiasveracruz.com\/index.php\/wp-json\/wp\/v2\/tags?post=44739"}],"curies":[{"name":"wp","href":"https:\/\/api.w.org\/{rel}","templated":true}]}}