{"id":44704,"date":"2024-11-25T07:00:14","date_gmt":"2024-11-25T13:00:14","guid":{"rendered":"https:\/\/noticiasveracruz.com\/?p=44704"},"modified":"2024-11-25T00:29:02","modified_gmt":"2024-11-25T06:29:02","slug":"no-mas-partidos-por-favor","status":"publish","type":"post","link":"https:\/\/noticiasveracruz.com\/index.php\/2024\/11\/25\/no-mas-partidos-por-favor\/","title":{"rendered":"No m\u00e1s partidos, por favor"},"content":{"rendered":"<p><strong><span style=\"font-size: 14pt;\">Por \u00c1ngel \u00c1lvaro Pe\u00f1a<\/span><\/strong><\/p>\n<p><span style=\"font-size: 14pt;\">A pesar de haber sido rechazados por la poblaci\u00f3n en las urnas, los ex perredistas insisten en seguir viviendo del presupuesto con la creaci\u00f3n de un nuevo partido pol\u00edtico denominado Frente C\u00edvico Nacional, montado en lo que han dado en llamar la marea rosa, que es una entelequia, y con financiamiento de Claudio X. Gonz\u00e1lez.<\/span><\/p>\n<p><span style=\"font-size: 14pt;\">Armar un partido de un mito puede acarrear serios problemas, porque lo que se llama sociedad civil en las marchas de la marea rosa es una abstracci\u00f3n que inventaron sus organizadores con la complicidad de los medios, pero no es algo real, concreto, tangible y mucho menos medible. En realidad, basarse en algo tan endeble es una irresponsabilidad social, porque se har\u00e1 perder tiempo y recursos al INE para acompa\u00f1ar este intento de nuevo partido, que carece de futuro.<\/span><\/p>\n<p><span style=\"font-size: 14pt;\">Quien ahora convoca a la creaci\u00f3n de este partido es nada menos de Guadalupe Acosta Naranjo, que fuera l\u00edder en sus d\u00edas de agon\u00eda del PRD y que ahora considera que puede aglutinar a una \u201cla sociedad civil\u201d que todav\u00eda no se da cuenta que ya est\u00e1 comprometida con otro partido y a uno que otro huerfanito de los partidos y agrupaciones de la oposici\u00f3n de derecha.<\/span><\/p>\n<p><span style=\"font-size: 14pt;\">Aunque Acosta Naranjo asegura que la ideolog\u00eda de este partido se ir\u00e1 creando en el crisol de las discusiones al interior de sus filas, para obtener la solicitud de registro en el INE como partido deben mostrar una tendencia pol\u00edtica clara, que, al parecer, en este momento, se encuentra en el limbo.<\/span><\/p>\n<p><span style=\"font-size: 14pt;\">Lo \u00fanico que tienen en concreto es el registro, como asociaci\u00f3n civil del membrete Frente C\u00edvico Nacional, lo cual si bien, es un avance, pero lo m\u00e1s dif\u00edcil viene despu\u00e9s. Esta es la segunda convocatoria que se hace en un lugar p\u00fablico, la primera vez hubo pr\u00e1cticamente la mitad de los espacios vac\u00edos, en un lugar muy grande, el Expo Reforma, ahora en un lugar modesto apenas asistieron 500 personas, pero con muchos medios e invitados especiales que no dudan que ser\u00edan los primeros en surgir como candidatos en caso de que el milagro del registro suceda.<\/span><\/p>\n<p><span style=\"font-size: 14pt;\">La incapacidad del frente como partido pol\u00edtico est\u00e1 cuesta arriba, el desprestigio de sus dirigentes y el rechazo de sus propios partidos los colocan como una de las partes m\u00e1s despreciables de la pol\u00edtica nacional.<\/span><\/p>\n<p><span style=\"font-size: 14pt;\">S\u00f3lo para nombrar algunos de los integrantes, adem\u00e1s de quien pretende ser el l\u00edder Nacional, Guadalupe Acosta Naranjo, est\u00e1 su fiel escudero Fernando Belauzar\u00e1n, el periodista Macario Schettino, la due\u00f1a de la revista Siemrpe, Beatriz Pag\u00e9s, el panista Gustavo Madero, el ex panista Germ\u00e1n Mart\u00ednez, el ex panista Emilio \u00c1lvarez Icaza, Mariana Moguel, hija de Rosario Robles, la enfermera Patricia Aguayo, quien fuera vocera de los jueces en desgracia; el delincuente Adri\u00e1n LeBar\u00f3n, Ram\u00f3n Sosamontes, Cecilia Soto, entre otros de la misma cala\u00f1a.<\/span><\/p>\n<p><span style=\"font-size: 14pt;\">El Frente\u00a0intenta afiliar a 520 mil ciudadanos y celebrar al menos 200 asambleas distritales para cumplir con los requisitos legales establecidos por el INE, dichas asambleas estar\u00e1n supervisadas por el \u00e1rbitro electoral y deber\u00e1n tener un m\u00ednimo de tres mil asistentes, adem\u00e1s de los invitados y dirigentes presentes.<\/span><\/p>\n<p><span style=\"font-size: 14pt;\">Esto lo intent\u00f3 Margarita Zavala y su esposo sin \u00e9xito, a pesar de contar con el financiamiento de VOX de Espa\u00f1a, de la Casa Blanca a trav\u00e9s de fundaciones de ultraderecha como USAID. A ver si con el financiamiento de Claudio X Gonz\u00e1lez tienen suerte, pero desde ahora, se ve complejo dicho logro, por la calidad moral y ambici\u00f3n de sus integrantes.<\/span><\/p>\n<p><span style=\"font-size: 14pt;\">Acosta Naranjo, busca registrarse como partido pol\u00edtico ante el INE en enero de 2025. La organizaci\u00f3n planea competir en las elecciones intermedias de 2027.<\/span><\/p>\n<p><span style=\"font-size: 14pt;\">El frente tambi\u00e9n utiliza la palabra democracia como si sus l\u00edderes la conocieran o practicaran. De hecho, est\u00e1n convocando a la ex candidata de la alianza opositora para que se integre a sus filas, pero ella tambi\u00e9n quiere hacer su propio partido, tambi\u00e9n con la palabra democracia como gancho, pero tendr\u00eda menos posibilidades que el propio frente de lograrlo.<\/span><\/p>\n<p><span style=\"font-size: 14pt;\">\u00abEl 20 de enero vamos a convocar a todo el que quiera venir para que nos acompa\u00f1e a entregar la solicitud de registro de nuestro propio partido al Instituto Nacional Electoral\u201d, adelant\u00f3 Naranjo.<\/span><\/p>\n<p><span style=\"font-size: 14pt;\">Entre las medidas propuestas, se priorizar\u00e1 la participaci\u00f3n de candidatos menores de 35 a\u00f1os y representantes de causas ciudadanas. Adem\u00e1s, los dirigentes no podr\u00e1n postularse como candidatos, y los aspirantes a cargos ser\u00e1n elegidos mediante votaciones abiertas. Tan f\u00e1cil como renunciar al cargo de l\u00edder y convertirse en plurinominal como lo hacen los partidos tradicionales, aunque aseguran que quieren marcar distancia de los partidos tradicionales, para promover la renovaci\u00f3n y evitar pr\u00e1cticas viciadas, pero no tienen propuestas claras todav\u00eda, tal vez en alg\u00fan momento las dar\u00e1n a conocer.<\/span><\/p>\n<p><span style=\"font-size: 14pt;\">El problema de estas organizaciones es que todos quieren ser l\u00edderes, destacar, protagonizar la lucha y aparecer en los medios, y eso en plena formaci\u00f3n de un organismo pol\u00edtico es suicida.<\/span><\/p>\n<p><span style=\"font-size: 14pt;\">Acosta Naranjo coment\u00f3 que el Frente no se alinear\u00e1 con ideolog\u00edas tradicionales como izquierda o derecha, sino que ser\u00e1 una fuerza centrada en defender causas democr\u00e1ticas.<\/span><\/p>\n<p><span style=\"font-size: 14pt;\">\u00abMorena naci\u00f3 en 2015 y gan\u00f3 en 2018. Nosotros vamos a salir en 2027 y vamos a ganar en 2030\u00bb, coment\u00f3 ingenuamente.<\/span><\/p>\n<p><span style=\"font-size: 14pt;\">La fragilidad del PAN por su escaza militancia y el PRI por sus divisiones internas y de liderazgo, son los afectados, desde ahora por la convocatoria de este intento de partido. En los estatutos de los partidos pol\u00edticos del pa\u00eds es clara la causa de expulsi\u00f3n el hecho de promover otras organizaciones distintas y m\u00e1s de uno de sus miembros se ha visto en las reuniones del frente, y podr\u00edan quedarse en el aire.<\/span><\/p>\n<p><span style=\"font-size: 14pt;\">El oportunismo de los personajes que integran la planilla visible del Frente puede revertirse contra la organizaci\u00f3n, y su pasado turbio terminar\u00eda por hundir el proyecto.<\/span><\/p>\n<p><span style=\"font-size: 14pt;\">La gente est\u00e1 cansada de partidos pol\u00edticos par\u00e1sitos que ante la muerte inminente se unen a otros para sobrevivir. Hace falta partidos que se valgan por s\u00ed mismos, con gente honesta y una ideolog\u00eda s\u00f3lida.<\/span><\/p>\n<p><span style=\"font-size: 14pt;\">PEGA Y CORRE.- Para quienes pensaban que nadie estaba a favor de la reforma al Poder Judicial, hasta la ma\u00f1ana del domingo 24, m\u00e1s de 9,899 j\u00f3venes abogados se hab\u00edan inscrito\u00a0para contender por una plaza de juez, ministro o magistrado del Poder Judicial de la Federaci\u00f3n, seg\u00fan inform\u00f3 el presidente del Senado. Por lo que se calcula que ser\u00e1n muchos m\u00e1s los que concursen por esas plazas\u2026Esta columna se publica los lunes, mi\u00e9rcoles y viernes.<\/span><\/p>\n","protected":false},"excerpt":{"rendered":"<p>Por \u00c1ngel \u00c1lvaro Pe\u00f1a A pesar de haber sido rechazados por la poblaci\u00f3n en las urnas, los ex perredistas insisten<\/p>\n","protected":false},"author":4,"featured_media":38742,"comment_status":"closed","ping_status":"closed","sticky":false,"template":"","format":"standard","meta":{"colormag_page_container_layout":"default_layout","colormag_page_sidebar_layout":"default_layout","_jetpack_memberships_contains_paid_content":false,"footnotes":"","jetpack_publicize_message":"","jetpack_publicize_feature_enabled":true,"jetpack_social_post_already_shared":true,"jetpack_social_options":{"image_generator_settings":{"template":"highway","default_image_id":0,"font":"","enabled":false},"version":2}},"categories":[6],"tags":[],"class_list":["post-44704","post","type-post","status-publish","format-standard","has-post-thumbnail","hentry","category-columnistas"],"jetpack_publicize_connections":[],"jetpack_featured_media_url":"https:\/\/noticiasveracruz.com\/wp-content\/uploads\/2024\/08\/LOPEZ-DORIGA-LOGO.jpeg","jetpack_sharing_enabled":true,"publishpress_future_action":{"enabled":false,"date":"2026-05-08 11:20:30","action":"change-status","newStatus":"draft","terms":[],"taxonomy":"category","extraData":[]},"publishpress_future_workflow_manual_trigger":{"enabledWorkflows":[]},"_links":{"self":[{"href":"https:\/\/noticiasveracruz.com\/index.php\/wp-json\/wp\/v2\/posts\/44704","targetHints":{"allow":["GET"]}}],"collection":[{"href":"https:\/\/noticiasveracruz.com\/index.php\/wp-json\/wp\/v2\/posts"}],"about":[{"href":"https:\/\/noticiasveracruz.com\/index.php\/wp-json\/wp\/v2\/types\/post"}],"author":[{"embeddable":true,"href":"https:\/\/noticiasveracruz.com\/index.php\/wp-json\/wp\/v2\/users\/4"}],"replies":[{"embeddable":true,"href":"https:\/\/noticiasveracruz.com\/index.php\/wp-json\/wp\/v2\/comments?post=44704"}],"version-history":[{"count":0,"href":"https:\/\/noticiasveracruz.com\/index.php\/wp-json\/wp\/v2\/posts\/44704\/revisions"}],"wp:featuredmedia":[{"embeddable":true,"href":"https:\/\/noticiasveracruz.com\/index.php\/wp-json\/wp\/v2\/media\/38742"}],"wp:attachment":[{"href":"https:\/\/noticiasveracruz.com\/index.php\/wp-json\/wp\/v2\/media?parent=44704"}],"wp:term":[{"taxonomy":"category","embeddable":true,"href":"https:\/\/noticiasveracruz.com\/index.php\/wp-json\/wp\/v2\/categories?post=44704"},{"taxonomy":"post_tag","embeddable":true,"href":"https:\/\/noticiasveracruz.com\/index.php\/wp-json\/wp\/v2\/tags?post=44704"}],"curies":[{"name":"wp","href":"https:\/\/api.w.org\/{rel}","templated":true}]}}