{"id":44701,"date":"2024-11-25T06:55:15","date_gmt":"2024-11-25T12:55:15","guid":{"rendered":"https:\/\/noticiasveracruz.com\/?p=44701"},"modified":"2024-11-25T00:27:28","modified_gmt":"2024-11-25T06:27:28","slug":"quadri-pide-pension","status":"publish","type":"post","link":"https:\/\/noticiasveracruz.com\/index.php\/2024\/11\/25\/quadri-pide-pension\/","title":{"rendered":"Quadri pide pensi\u00f3n"},"content":{"rendered":"<p><span style=\"font-size: 14pt;\">Uno de los m\u00e1s aguerridos cr\u00edticos de los programas sociales se acoge a ellos en beneficio personal<\/span><\/p>\n<p><strong><span style=\"font-size: 14pt;\">Por \u00c1ngel \u00c1lvaro Pe\u00f1a<\/span><\/strong><\/p>\n<p><span style=\"font-size: 14pt;\">El doble discurso deja en la nada la personalidad de algunas personas, pero esta contradicci\u00f3n se convierte en delito cuando se trata de servidores p\u00fablicos, militantes de alg\u00fan partido o representantes de alguna corriente ideol\u00f3gica.<\/span><\/p>\n<p><span style=\"font-size: 14pt;\">Toda mentira deber\u00eda ser exhibida y sancionad trat\u00e1ndose de personas dedicadas a la vida p\u00fablica y el caso del chavo de la Ibero, Gabriel Quadri rebasa todas las expectativas que sobre este personaje han ca\u00eddo, porque s\u00f3lo muestra su inter\u00e9s personal en la pol\u00edtica, carece de vocaci\u00f3n de servicio y s\u00f3lo pretende servirse de los cargos.<\/span><\/p>\n<p><span style=\"font-size: 14pt;\">Panista de cepa, famosos por sus declaraciones fascistas como la de elogiar al general Augusto Pinochet y comparar, lo cual es un honor para todos, al Dr. Salvador Allende con Andr\u00e9s Manuel L\u00f3pez Obrador, y adem\u00e1s responsabilizar al chileno de un golpe de estado, que a sangre y fuego derrocara la CIA colocando como t\u00edteres a los militares de ese pa\u00eds que dice admirar.<\/span><\/p>\n<p><span style=\"font-size: 14pt;\">Pero contradicciones como \u00e9sta, anulan cualquier tipo de inteligencia est\u00e1 el hecho de autodenominarse ecologista y asistir reiteradamente a las corridas de toros. O afirmar que el Tren Maya da\u00f1aba los \u00e1rboles y callar cuando una inmobiliaria quer\u00eda adue\u00f1arse de una parte de la Tercera Secci\u00f3n del Bosque de Chapultepec, uno de los principales pulmones de la Ciudad de M\u00e9xico.<\/span><\/p>\n<p><span style=\"font-size: 14pt;\">Ubicado en la ultraderecha, muy cercano al fascismo, el frustrado candidato a la Presidencia de la Rep\u00fablica se describe a s\u00ed mismo como: \u201cingeniero civil, economista, ambientalista, badmintonista, necaxista, liberal de centro-derecha, partidario de un M\u00e9xico pr\u00f3spero, moderno, seguro y sustentable\u201d.<\/span><\/p>\n<p><span style=\"font-size: 14pt;\">Solito se describe y descubre como un personaje que ya no pertenece a este tiempo. Los mexicanos han rechazado a la extrema derecha con su voto, y las circunstancias mismas tienden a disminuir el n\u00famero de ciudadanos conservadores en el pa\u00eds, de tal manera que el aislamiento y la falta de correligionarios los vuelve m\u00e1s radicales. Arrinconados no son m\u00e1s peligrosos pero s\u00ed m\u00e1s rabiosos.<\/span><\/p>\n<p><span style=\"font-size: 14pt;\">En 2017, el panista Quadri asegur\u00f3, que las personas en situaci\u00f3n de calle que se refugiaban alrededor del\u00a0Monumento a la Revoluci\u00f3n,\u00a0eran violentas y amenazaban a ni\u00f1os y mujeres. Argument\u00f3: \u201cMonumento a la Revoluci\u00f3n convertido en guarida de indigentes violentos que amenazan a ni\u00f1os y mujeres.\u00a0Y el gobierno CDMX y de Cuauht\u00e9moc?\u201d. Calific\u00f3 a esas personas como\u00a0\u201cmalvivientes, indigentes y drogadictos\u201d<\/span><\/p>\n<p><span style=\"font-size: 14pt;\">En abril de 2022, fue muy audaz el se\u00f1orito Quadri debido a que\u00a0llam\u00f3 a\u00a0Salma Lu\u00e9vano\u00a0como \u201cse\u00f1or\u201d a pesar de que se identifica como mujer, lo cual fue condenado por\u00a0<a href=\"https:\/\/www.infobae.com\/america\/mexico\/2022\/04\/01\/pan-pri-y-morena-condenaron-transfobia-de-gabriel-quadri-contra-salma-luevano-impresentable-antiderechos\/\" target=\"_blank\" rel=\"nofollow noopener\" data-saferedirecturl=\"https:\/\/www.google.com\/url?q=https:\/\/www.infobae.com\/america\/mexico\/2022\/04\/01\/pan-pri-y-morena-condenaron-transfobia-de-gabriel-quadri-contra-salma-luevano-impresentable-antiderechos\/&amp;source=gmail&amp;ust=1732602297260000&amp;usg=AOvVaw3oLgmBZKrh2ThyB2834dzE\">diferentes integrantes de partidos pol\u00edticos<\/a>\u00a0posicionados en ambos lados del espectro, principalmente Morena,\u00a0el Revolucionario Institucional y el mismo PAN. Le pidieron que se disculpara y no lo hizo ocasionando que fuera sancionado a ya no concursar por ning\u00fan cargo de elecci\u00f3n popular por su postura rancia de discriminaci\u00f3n y machismo.<\/span><\/p>\n<p><span style=\"font-size: 14pt;\">En enero de ese mismo a\u00f1o, escribi\u00f3 en su cuenta del entonces twitter:\u00a0\u201cSi M\u00e9xico no tuviera que cargar con<b>\u00a0<\/b>Guerrero, Oaxaca y Chiapas, ser\u00eda un pa\u00eds de desarrollo medio y potencia emergente&#8230;\u201d. Por lo que el<b>\u00a0<\/b>entonces<b>\u00a0<\/b>gobernador de\u00a0Oaxaca, Alejandro Murat,\u00a0le exigi\u00f3 una disculpa p\u00fablica. Ante esto,\u00a0Quadri respondi\u00f3 que la disculpa deben darla \u201clos malos gobiernos\u201d.<b>\u00a0<\/b>Todo un personaje de una derecha violenta, polarizada, agresiva e ignorante.<\/span><\/p>\n<p><span style=\"font-size: 14pt;\">El 15 de noviembre de 2023, Quadri tuite\u00f3: \u201cEn vez de subir impuestos, deben recortar subsidios y d\u00e1divas clientelares\u201d. Ese mismo d\u00eda, en otro tuit dijo: \u201cEstoy en contra de que el gobierno nos robe para darle dinero a sus clientelas electorales, y para promover una cultura improductiva, paternalista y de dependencia indigna hacia el gobierno para perpetuarse en el poder\u201d.<\/span><\/p>\n<p><span style=\"font-size: 14pt;\">Las constantes cr\u00edticas a todo lo que hiciera, declarara o pensara cualquier morenista le colocan en el basurero de la historia. Uno de sus temas recurrentes fue el de los programas sociales, a los que consideraba como votos comprados a la poblaci\u00f3n, como si \u00e9sta fuera tan ignorante como algunos derechistas que no salen de su esfera de cristal en la que viven confortablemente.<\/span><\/p>\n<p><span style=\"font-size: 14pt;\">Resulta que al se\u00f1or Quadri se le vio inscribi\u00e9ndose en la lista de beneficiarios de los programas sociales que tanto critica. Clasista pero con necesidad de ser tomado en cuenta aunque sea por los programas sociales. De no ser por esta acci\u00f3n seguir\u00eda en el anonimato y en el olvido al que est\u00e1 condenado.<\/span><\/p>\n<p><span style=\"font-size: 14pt;\">La foto fue difundida que lleg\u00f3 hasta la conferencia matutina de la Presidenta, quien se\u00f1al\u00f3: \u201cSi el exdiputado federal del PAN, Gabriel Quadri fuera consecuente con sus cr\u00edticas, no se hubiera inscrito para recibir la Pensi\u00f3n de Adultos Mayores\u201d.<\/span><\/p>\n<p><span style=\"font-size: 14pt;\">En Palacio Nacional, la mandataria tambi\u00e9n difundi\u00f3 un par de mensajes que Gabriel Quadri ha escrito en su cuenta de X, antes Twitter, criticando este programa, el cual ha afirmado que \u00aben los pr\u00f3ximos a\u00f1os reventar\u00e1 fiscalmente\u00bb.<\/span><\/p>\n<p><span style=\"font-size: 14pt;\">El exdiputado respondi\u00f3 a las cr\u00edticas argumentando que al inscribirse como beneficiario ejerc\u00eda su derecho como ciudadano, ya que los recursos que se destinan para el programa provienen de los impuestos. Pero, no omiti\u00f3 su acostumbrada incomodidad con el presente al considerar como acoso haber sido exhibido en la conferencia ma\u00f1anera de la presidenta Sheinbaum Pardo, quien calific\u00f3 de \u201cinteresante\u201d que el panista se registrara como beneficiario de una pensi\u00f3n gubernamental.<\/span><\/p>\n<p><span style=\"font-size: 14pt;\">Se olvida que una persona p\u00fablica no puede tener la misma privacidad que un ciudadano com\u00fan y corriente y reclama, ahora s\u00ed, anonimato al decir: \u201cVergonzoso es que el gobierno privatice el gasto p\u00fablico para comprar votos, que atropelle la privacidad de los ciudadanos en instalaciones oficiales (lo cual es un delito), y que desde lo m\u00e1s alto de un poder ya ostensiblemente dictatorial se siga agrediendo a opositores s\u00f3lo por ejercer un derecho\u201d.<\/span><\/p>\n<p><span style=\"font-size: 14pt;\">Todo le molesta, pero debe saber que el delincuente es \u00e9l, pero esto no puede ocultar la contradicci\u00f3n que niegan su congruencia como pol\u00edtico y como ser humano, un doble discurso que no s\u00f3lo cae en la hipocres\u00eda sino en la traici\u00f3n a s\u00ed mismo y al partido al que dice pertenecer.<\/span><\/p>\n","protected":false},"excerpt":{"rendered":"<p>Uno de los m\u00e1s aguerridos cr\u00edticos de los programas sociales se acoge a ellos en beneficio personal Por \u00c1ngel \u00c1lvaro<\/p>\n","protected":false},"author":4,"featured_media":44702,"comment_status":"closed","ping_status":"closed","sticky":false,"template":"","format":"standard","meta":{"colormag_page_container_layout":"default_layout","colormag_page_sidebar_layout":"default_layout","_jetpack_memberships_contains_paid_content":false,"footnotes":"","jetpack_publicize_message":"","jetpack_publicize_feature_enabled":true,"jetpack_social_post_already_shared":true,"jetpack_social_options":{"image_generator_settings":{"template":"highway","default_image_id":0,"font":"","enabled":false},"version":2}},"categories":[6],"tags":[],"class_list":["post-44701","post","type-post","status-publish","format-standard","has-post-thumbnail","hentry","category-columnistas"],"jetpack_publicize_connections":[],"jetpack_featured_media_url":"https:\/\/noticiasveracruz.com\/wp-content\/uploads\/2024\/11\/quadri.jpg","jetpack_sharing_enabled":true,"publishpress_future_action":{"enabled":false,"date":"2026-05-08 12:05:57","action":"change-status","newStatus":"draft","terms":[],"taxonomy":"category","extraData":[]},"publishpress_future_workflow_manual_trigger":{"enabledWorkflows":[]},"_links":{"self":[{"href":"https:\/\/noticiasveracruz.com\/index.php\/wp-json\/wp\/v2\/posts\/44701","targetHints":{"allow":["GET"]}}],"collection":[{"href":"https:\/\/noticiasveracruz.com\/index.php\/wp-json\/wp\/v2\/posts"}],"about":[{"href":"https:\/\/noticiasveracruz.com\/index.php\/wp-json\/wp\/v2\/types\/post"}],"author":[{"embeddable":true,"href":"https:\/\/noticiasveracruz.com\/index.php\/wp-json\/wp\/v2\/users\/4"}],"replies":[{"embeddable":true,"href":"https:\/\/noticiasveracruz.com\/index.php\/wp-json\/wp\/v2\/comments?post=44701"}],"version-history":[{"count":0,"href":"https:\/\/noticiasveracruz.com\/index.php\/wp-json\/wp\/v2\/posts\/44701\/revisions"}],"wp:featuredmedia":[{"embeddable":true,"href":"https:\/\/noticiasveracruz.com\/index.php\/wp-json\/wp\/v2\/media\/44702"}],"wp:attachment":[{"href":"https:\/\/noticiasveracruz.com\/index.php\/wp-json\/wp\/v2\/media?parent=44701"}],"wp:term":[{"taxonomy":"category","embeddable":true,"href":"https:\/\/noticiasveracruz.com\/index.php\/wp-json\/wp\/v2\/categories?post=44701"},{"taxonomy":"post_tag","embeddable":true,"href":"https:\/\/noticiasveracruz.com\/index.php\/wp-json\/wp\/v2\/tags?post=44701"}],"curies":[{"name":"wp","href":"https:\/\/api.w.org\/{rel}","templated":true}]}}