{"id":4470,"date":"2022-05-19T07:12:07","date_gmt":"2022-05-19T12:12:07","guid":{"rendered":"https:\/\/noticiasveracruz.com\/?p=4470"},"modified":"2022-05-19T07:12:07","modified_gmt":"2022-05-19T12:12:07","slug":"viruela-del-mono-llega-a-estados-unidos","status":"publish","type":"post","link":"https:\/\/noticiasveracruz.com\/index.php\/2022\/05\/19\/viruela-del-mono-llega-a-estados-unidos\/","title":{"rendered":"Viruela del mono llega a Estados Unidos"},"content":{"rendered":"<p class=\"p1\"><span style=\"font-size: 14pt;\"><em><strong>Washington.<\/strong> <\/em>Autoridades sanitarias de Estados Unidos, confirmaron el primer caso de la viruela del mono en Massachusetts, hombre que recientemente viaj\u00f3 a Canad\u00e1.<\/span><\/p>\n<p class=\"p1\"><span style=\"font-size: 14pt;\">De acuerdo con el Departamento de Salud de Massachusetts, los Centros para el Control y Prevenci\u00f3n de Enfermedades (CDC) investigan todos los posibles contactos del paciente.<\/span><\/p>\n<p class=\"p1\"><span style=\"font-size: 18pt;\"><strong>Mientras que las autoridades de Canad\u00e1 ya se encuentran investigando 13 casos sospechosos, todos ellos en Montreal.<\/strong><\/span><\/p>\n<p class=\"p1\"><span style=\"font-size: 14pt;\">Despu\u00e9s de Reino Unido, Espa\u00f1a y Portugal anunciaron que tambi\u00e9n han identificado casos de viruela del mono, una enfermedad rara en Europa, de ellos cinco confirmados y m\u00e1s de cuarenta sospechosos.<\/span><\/p>\n<p>&nbsp;<\/p>\n<p class=\"p1\"><strong><span style=\"font-size: 18pt;\">ENFERMEDAD VIRAL <\/span><\/strong><\/p>\n<p class=\"p1\"><span style=\"font-size: 14pt;\">La Organizaci\u00f3n Mundial de la Salud (OMS) anunci\u00f3 que quiere esclarecer, con la ayuda del Reino Unido, los casos de viruela del mono detectados desde principios de mayo, especialmente entre la comunidad homosexual.<\/span><\/p>\n<p class=\"p1\"><span style=\"font-size: 14pt;\">End\u00e9mica en \u00c1frica occidental, esta enfermedad v\u00edrica se ha identificado tambi\u00e9n en Portugal en \u00abm\u00e1s de 20 casos sospechosos (&#8230;) en la regi\u00f3n de Lisboa (oeste), cinco de los cuales fueron confirmados\u00bb, anunci\u00f3 la Direcci\u00f3n general de salud portuguesa en un comunicado.<\/span><\/p>\n<p class=\"p1\"><span style=\"font-size: 14pt;\">\u00abLos casos, la mayor\u00eda j\u00f3venes, todos de sexo masculino, presentaban lesiones ulcerosas\u00bb, precis\u00f3 la autoridad sanitaria.<\/span><\/p>\n<p class=\"p1\"><span style=\"font-size: 14pt;\">En la regi\u00f3n de Madrid, se detectaron 23 casos sospechosos que est\u00e1n pendientes de los resultados de los an\u00e1lisis, anunci\u00f3 la consejer\u00eda regional de Sanidad, elevando un balance inicial de este mi\u00e9rcoles que era de ocho casos sospechosos.<\/span><\/p>\n<p class=\"p1\"><strong><span style=\"font-size: 18pt;\">\u00abPor las caracter\u00edsticas de los 23 casos sospechosos de infecci\u00f3n, apunta a que ha sido por contacto con mucosas durante las relaciones sexuales\u00bb, inform\u00f3 la consejer\u00eda en un comunicado.<\/span><\/strong><\/p>\n<p class=\"p1\"><span style=\"font-size: 14pt;\">De acuerdo a las autoridades de ambos pa\u00edses, que activaron una alerta sanitaria nacional, esta enfermedad rara es poco contagiosa entre humanos, no tiene tratamiento y generalmente se cura sola.<\/span><\/p>\n<p>&nbsp;<\/p>\n<p class=\"p1\"><strong><span style=\"font-size: 18pt;\">S\u00cdNTOMAS<\/span><\/strong><\/p>\n<p class=\"p1\"><strong><span style=\"font-size: 18pt;\">Sus s\u00edntomas incluyen fiebre, dolor de cabeza, dolores musculares, dolor de espalda, ganglios linf\u00e1ticos inflamados, escalofr\u00edos y fatiga. Tambi\u00e9n pueden aparecer erupciones cut\u00e1neas, especialmente en la cara, y expandirse a otras partes del cuerpo.<\/span><\/strong><\/p>\n<p>&nbsp;<\/p>\n<p>&nbsp;<\/p>\n<p>&nbsp;<\/p>\n<p>&nbsp;<\/p>\n<p>&nbsp;<\/p>\n","protected":false},"excerpt":{"rendered":"<p>Washington. Autoridades sanitarias de Estados Unidos, confirmaron el primer caso de la viruela del mono en Massachusetts, hombre que recientemente<\/p>\n","protected":false},"author":4,"featured_media":4471,"comment_status":"closed","ping_status":"closed","sticky":false,"template":"","format":"standard","meta":{"colormag_page_container_layout":"default_layout","colormag_page_sidebar_layout":"default_layout","_jetpack_memberships_contains_paid_content":false,"footnotes":"","jetpack_publicize_message":"","jetpack_publicize_feature_enabled":true,"jetpack_social_post_already_shared":false,"jetpack_social_options":{"image_generator_settings":{"template":"highway","default_image_id":0,"font":"","enabled":false},"version":2}},"categories":[355],"tags":[152,731,732,730],"class_list":["post-4470","post","type-post","status-publish","format-standard","has-post-thumbnail","hentry","category-internacional","tag-eu","tag-mono","tag-viral","tag-viruela"],"jetpack_publicize_connections":[],"jetpack_featured_media_url":"https:\/\/noticiasveracruz.com\/wp-content\/uploads\/2022\/05\/P-VIRUELA.png","jetpack_sharing_enabled":true,"publishpress_future_action":{"enabled":false,"date":"2026-05-07 01:04:28","action":"change-status","newStatus":"draft","terms":[],"taxonomy":"category","extraData":[]},"publishpress_future_workflow_manual_trigger":{"enabledWorkflows":[]},"_links":{"self":[{"href":"https:\/\/noticiasveracruz.com\/index.php\/wp-json\/wp\/v2\/posts\/4470","targetHints":{"allow":["GET"]}}],"collection":[{"href":"https:\/\/noticiasveracruz.com\/index.php\/wp-json\/wp\/v2\/posts"}],"about":[{"href":"https:\/\/noticiasveracruz.com\/index.php\/wp-json\/wp\/v2\/types\/post"}],"author":[{"embeddable":true,"href":"https:\/\/noticiasveracruz.com\/index.php\/wp-json\/wp\/v2\/users\/4"}],"replies":[{"embeddable":true,"href":"https:\/\/noticiasveracruz.com\/index.php\/wp-json\/wp\/v2\/comments?post=4470"}],"version-history":[{"count":0,"href":"https:\/\/noticiasveracruz.com\/index.php\/wp-json\/wp\/v2\/posts\/4470\/revisions"}],"wp:featuredmedia":[{"embeddable":true,"href":"https:\/\/noticiasveracruz.com\/index.php\/wp-json\/wp\/v2\/media\/4471"}],"wp:attachment":[{"href":"https:\/\/noticiasveracruz.com\/index.php\/wp-json\/wp\/v2\/media?parent=4470"}],"wp:term":[{"taxonomy":"category","embeddable":true,"href":"https:\/\/noticiasveracruz.com\/index.php\/wp-json\/wp\/v2\/categories?post=4470"},{"taxonomy":"post_tag","embeddable":true,"href":"https:\/\/noticiasveracruz.com\/index.php\/wp-json\/wp\/v2\/tags?post=4470"}],"curies":[{"name":"wp","href":"https:\/\/api.w.org\/{rel}","templated":true}]}}