{"id":44669,"date":"2024-11-25T00:06:54","date_gmt":"2024-11-25T06:06:54","guid":{"rendered":"https:\/\/noticiasveracruz.com\/?p=44669"},"modified":"2024-11-24T23:46:25","modified_gmt":"2024-11-25T05:46:25","slug":"uruguay-sale-a-votar-para-elegir-presidente","status":"publish","type":"post","link":"https:\/\/noticiasveracruz.com\/index.php\/2024\/11\/25\/uruguay-sale-a-votar-para-elegir-presidente\/","title":{"rendered":"Uruguay sale a votar para elegir presidente"},"content":{"rendered":"<p><span style=\"font-size: 14pt;\">Unos\u00a02.7 millones de ciudadanos\u00a0est\u00e1n llamados a votar hoy en una segunda vuelta electoral en la que se elegir\u00e1 al sucesor del actual presidente de\u00a0Uruguay, Luis Lacalle Pou, y la vicepresidenta, Beatriz Argim\u00f3n, para el per\u00edodo 2025-2030.<\/span><\/p>\n<p><span style=\"font-size: 14pt;\">Despu\u00e9s de que ninguno de los\u00a011 candidatos\u00a0que compitieron en la instancia anterior del 27 de octubre superara el 50 por ciento de los votos, los dos m\u00e1s votados,\u00a0Yamand\u00fa Orsi,\u00a0por el Frente Amplio, y\u00a0\u00c1lvaro Delgado, por el oficialista Partido Nacional, se disputar\u00e1n la presidencia este d\u00eda.<\/span><\/p>\n<p><span style=\"font-size: 14pt;\">El opositor Orsi, un profesor de historia de 57 a\u00f1os, y el oficialista Delgado, un veterinario de 55, aspiran a gobernar este pa\u00eds, considerado la democracia m\u00e1s s\u00f3lida de Am\u00e9rica Latina, con un ingreso per c\u00e1pita comparativamente alto y bajos niveles de pobreza.<\/span><\/p>\n","protected":false},"excerpt":{"rendered":"<p>Unos\u00a02.7 millones de ciudadanos\u00a0est\u00e1n llamados a votar hoy en una segunda vuelta electoral en la que se elegir\u00e1 al sucesor<\/p>\n","protected":false},"author":4,"featured_media":44670,"comment_status":"closed","ping_status":"closed","sticky":false,"template":"","format":"standard","meta":{"colormag_page_container_layout":"default_layout","colormag_page_sidebar_layout":"default_layout","_jetpack_memberships_contains_paid_content":false,"footnotes":"","jetpack_publicize_message":"","jetpack_publicize_feature_enabled":true,"jetpack_social_post_already_shared":true,"jetpack_social_options":{"image_generator_settings":{"template":"highway","default_image_id":0,"font":"","enabled":false},"version":2}},"categories":[355],"tags":[],"class_list":["post-44669","post","type-post","status-publish","format-standard","has-post-thumbnail","hentry","category-internacional"],"jetpack_publicize_connections":[],"jetpack_featured_media_url":"https:\/\/noticiasveracruz.com\/wp-content\/uploads\/2024\/11\/uruguay.png","jetpack_sharing_enabled":true,"publishpress_future_action":{"enabled":false,"date":"2026-05-08 12:59:22","action":"change-status","newStatus":"draft","terms":[],"taxonomy":"category","extraData":[]},"publishpress_future_workflow_manual_trigger":{"enabledWorkflows":[]},"_links":{"self":[{"href":"https:\/\/noticiasveracruz.com\/index.php\/wp-json\/wp\/v2\/posts\/44669","targetHints":{"allow":["GET"]}}],"collection":[{"href":"https:\/\/noticiasveracruz.com\/index.php\/wp-json\/wp\/v2\/posts"}],"about":[{"href":"https:\/\/noticiasveracruz.com\/index.php\/wp-json\/wp\/v2\/types\/post"}],"author":[{"embeddable":true,"href":"https:\/\/noticiasveracruz.com\/index.php\/wp-json\/wp\/v2\/users\/4"}],"replies":[{"embeddable":true,"href":"https:\/\/noticiasveracruz.com\/index.php\/wp-json\/wp\/v2\/comments?post=44669"}],"version-history":[{"count":0,"href":"https:\/\/noticiasveracruz.com\/index.php\/wp-json\/wp\/v2\/posts\/44669\/revisions"}],"wp:featuredmedia":[{"embeddable":true,"href":"https:\/\/noticiasveracruz.com\/index.php\/wp-json\/wp\/v2\/media\/44670"}],"wp:attachment":[{"href":"https:\/\/noticiasveracruz.com\/index.php\/wp-json\/wp\/v2\/media?parent=44669"}],"wp:term":[{"taxonomy":"category","embeddable":true,"href":"https:\/\/noticiasveracruz.com\/index.php\/wp-json\/wp\/v2\/categories?post=44669"},{"taxonomy":"post_tag","embeddable":true,"href":"https:\/\/noticiasveracruz.com\/index.php\/wp-json\/wp\/v2\/tags?post=44669"}],"curies":[{"name":"wp","href":"https:\/\/api.w.org\/{rel}","templated":true}]}}