{"id":44666,"date":"2024-11-25T00:05:39","date_gmt":"2024-11-25T06:05:39","guid":{"rendered":"https:\/\/noticiasveracruz.com\/?p=44666"},"modified":"2024-11-24T23:44:20","modified_gmt":"2024-11-25T05:44:20","slug":"hezbola-lanza-decenas-de-cohetes-contra-bases-militares-al-norte-de-israel","status":"publish","type":"post","link":"https:\/\/noticiasveracruz.com\/index.php\/2024\/11\/25\/hezbola-lanza-decenas-de-cohetes-contra-bases-militares-al-norte-de-israel\/","title":{"rendered":"Hezbol\u00e1 lanza decenas de cohetes contra bases militares al norte de Israel"},"content":{"rendered":"<p><span style=\"font-size: 14pt;\">El grupo chi\u00ed liban\u00e9s\u00a0Hezbol\u00e1\u00a0reivindic\u00f3 este domingo el\u00a0lanzamiento de decenas de cohetes y proyectiles\u00a0contra m\u00e1s de una\u00a0veintena de bases militares y asentamientos en el norte de Israel, en un repunte de los ataques de la formaci\u00f3n armada que tienen lugar en medio de conversaciones para alcanzar una tregua.<\/span><\/p>\n<p><span style=\"font-size: 14pt;\">El movimiento chi\u00ed dijo en una serie de comunicados que en las \u00faltimas horas lanz\u00f3 m\u00faltiples ataques\u00a0contra al menos cuatro cuarteles generales del Ej\u00e9rcito israel\u00ed\u00a0ubicados en el norte del Estado jud\u00edo, donde se han concentrado los ataques de Hezbol\u00e1 tras m\u00e1s de un a\u00f1o de hostilidades.<\/span><\/p>\n<p><span style=\"font-size: 14pt;\">Los cuarteles atacados fueron los de\u00a0Birya, seg\u00fan Hezbol\u00e1 la principal base de defensa a\u00e9rea y antimisiles del Comando Norte de Israel; el de\u00a0Dovev; la base\u00a0Dado, que sirve de sede para el comando de la Regi\u00f3n Norte; y la base de\u00a0Mishar, \u00abel principal cuartel general de inteligencia\u00bb del norte del Estado jud\u00edo.<\/span><\/p>\n","protected":false},"excerpt":{"rendered":"<p>El grupo chi\u00ed liban\u00e9s\u00a0Hezbol\u00e1\u00a0reivindic\u00f3 este domingo el\u00a0lanzamiento de decenas de cohetes y proyectiles\u00a0contra m\u00e1s de una\u00a0veintena de bases militares y<\/p>\n","protected":false},"author":4,"featured_media":44667,"comment_status":"closed","ping_status":"closed","sticky":false,"template":"","format":"standard","meta":{"colormag_page_container_layout":"default_layout","colormag_page_sidebar_layout":"default_layout","_jetpack_memberships_contains_paid_content":false,"footnotes":"","jetpack_publicize_message":"","jetpack_publicize_feature_enabled":true,"jetpack_social_post_already_shared":true,"jetpack_social_options":{"image_generator_settings":{"template":"highway","default_image_id":0,"font":"","enabled":false},"version":2}},"categories":[355],"tags":[],"class_list":["post-44666","post","type-post","status-publish","format-standard","has-post-thumbnail","hentry","category-internacional"],"jetpack_publicize_connections":[],"jetpack_featured_media_url":"https:\/\/noticiasveracruz.com\/wp-content\/uploads\/2024\/11\/Hezbola.png","jetpack_sharing_enabled":true,"publishpress_future_action":{"enabled":false,"date":"2026-05-08 12:05:56","action":"change-status","newStatus":"draft","terms":[],"taxonomy":"category","extraData":[]},"publishpress_future_workflow_manual_trigger":{"enabledWorkflows":[]},"_links":{"self":[{"href":"https:\/\/noticiasveracruz.com\/index.php\/wp-json\/wp\/v2\/posts\/44666","targetHints":{"allow":["GET"]}}],"collection":[{"href":"https:\/\/noticiasveracruz.com\/index.php\/wp-json\/wp\/v2\/posts"}],"about":[{"href":"https:\/\/noticiasveracruz.com\/index.php\/wp-json\/wp\/v2\/types\/post"}],"author":[{"embeddable":true,"href":"https:\/\/noticiasveracruz.com\/index.php\/wp-json\/wp\/v2\/users\/4"}],"replies":[{"embeddable":true,"href":"https:\/\/noticiasveracruz.com\/index.php\/wp-json\/wp\/v2\/comments?post=44666"}],"version-history":[{"count":0,"href":"https:\/\/noticiasveracruz.com\/index.php\/wp-json\/wp\/v2\/posts\/44666\/revisions"}],"wp:featuredmedia":[{"embeddable":true,"href":"https:\/\/noticiasveracruz.com\/index.php\/wp-json\/wp\/v2\/media\/44667"}],"wp:attachment":[{"href":"https:\/\/noticiasveracruz.com\/index.php\/wp-json\/wp\/v2\/media?parent=44666"}],"wp:term":[{"taxonomy":"category","embeddable":true,"href":"https:\/\/noticiasveracruz.com\/index.php\/wp-json\/wp\/v2\/categories?post=44666"},{"taxonomy":"post_tag","embeddable":true,"href":"https:\/\/noticiasveracruz.com\/index.php\/wp-json\/wp\/v2\/tags?post=44666"}],"curies":[{"name":"wp","href":"https:\/\/api.w.org\/{rel}","templated":true}]}}