{"id":44656,"date":"2024-11-25T00:03:34","date_gmt":"2024-11-25T06:03:34","guid":{"rendered":"https:\/\/noticiasveracruz.com\/?p=44656"},"modified":"2024-11-24T23:30:57","modified_gmt":"2024-11-25T05:30:57","slug":"venga-a-adquirir-productos-frescos-del-campo-a-muy-buenos-precios-en-el-mercadito-solidario-instalado-en-la-plaza-civica","status":"publish","type":"post","link":"https:\/\/noticiasveracruz.com\/index.php\/2024\/11\/25\/venga-a-adquirir-productos-frescos-del-campo-a-muy-buenos-precios-en-el-mercadito-solidario-instalado-en-la-plaza-civica\/","title":{"rendered":"Venga a adquirir productos frescos del campo, a muy buenos precios, en el Mercadito Solidario instalado en la Plaza C\u00edvica"},"content":{"rendered":"<p><span style=\"font-size: 14pt;\">Ayer por la ma\u00f1ana se instal\u00f3 en la Plaza C\u00edvica el \u201cMercadito Solidario\u201d, en el que productores locales comercializan productos frescos, sin intermediarios y a muy buenos precios.<\/span><\/p>\n<p><span style=\"font-size: 14pt;\">Tambi\u00e9n se est\u00e1 vendiendo una amplia gama de productos agroecol\u00f3gicos y plantas de \u00e1rboles frutales.<\/span><\/p>\n<p><span style=\"font-size: 14pt;\">El Mercadito Solidario es impulsado por las Escuelas Campesinas del programa de extensionismo de la SEDARPA.<\/span><\/p>\n<p><span style=\"font-size: 14pt;\">Este evento busca fomentar el consumo solidario de productos agroecol\u00f3gicos y apoyar, al mismo tiempo, a mujeres y hombres del campo que se esfuerzan en hacer producir la tierra de una manera sustentable.<\/span><\/p>\n<p><span style=\"font-size: 14pt;\">Con el apoyo de la ciudadan\u00eda y sus compras se impulsa el crecimiento econ\u00f3mico de las familias de campo.<\/span><\/p>\n","protected":false},"excerpt":{"rendered":"<p>Ayer por la ma\u00f1ana se instal\u00f3 en la Plaza C\u00edvica el \u201cMercadito Solidario\u201d, en el que productores locales comercializan productos<\/p>\n","protected":false},"author":4,"featured_media":44657,"comment_status":"closed","ping_status":"closed","sticky":false,"template":"","format":"standard","meta":{"colormag_page_container_layout":"default_layout","colormag_page_sidebar_layout":"default_layout","_jetpack_memberships_contains_paid_content":false,"footnotes":"","jetpack_publicize_message":"","jetpack_publicize_feature_enabled":true,"jetpack_social_post_already_shared":true,"jetpack_social_options":{"image_generator_settings":{"template":"highway","default_image_id":0,"font":"","enabled":false},"version":2}},"categories":[3372,356],"tags":[],"class_list":["post-44656","post","type-post","status-publish","format-standard","has-post-thumbnail","hentry","category-gobierno-tuxpan","category-veracruz"],"jetpack_publicize_connections":[],"jetpack_featured_media_url":"https:\/\/noticiasveracruz.com\/wp-content\/uploads\/2024\/11\/03ce7f39-428c-48f3-a9cf-ca6fd9bd284e.jpg","jetpack_sharing_enabled":true,"publishpress_future_action":{"enabled":false,"date":"2026-05-08 10:22:39","action":"change-status","newStatus":"draft","terms":[],"taxonomy":"category","extraData":[]},"publishpress_future_workflow_manual_trigger":{"enabledWorkflows":[]},"_links":{"self":[{"href":"https:\/\/noticiasveracruz.com\/index.php\/wp-json\/wp\/v2\/posts\/44656","targetHints":{"allow":["GET"]}}],"collection":[{"href":"https:\/\/noticiasveracruz.com\/index.php\/wp-json\/wp\/v2\/posts"}],"about":[{"href":"https:\/\/noticiasveracruz.com\/index.php\/wp-json\/wp\/v2\/types\/post"}],"author":[{"embeddable":true,"href":"https:\/\/noticiasveracruz.com\/index.php\/wp-json\/wp\/v2\/users\/4"}],"replies":[{"embeddable":true,"href":"https:\/\/noticiasveracruz.com\/index.php\/wp-json\/wp\/v2\/comments?post=44656"}],"version-history":[{"count":0,"href":"https:\/\/noticiasveracruz.com\/index.php\/wp-json\/wp\/v2\/posts\/44656\/revisions"}],"wp:featuredmedia":[{"embeddable":true,"href":"https:\/\/noticiasveracruz.com\/index.php\/wp-json\/wp\/v2\/media\/44657"}],"wp:attachment":[{"href":"https:\/\/noticiasveracruz.com\/index.php\/wp-json\/wp\/v2\/media?parent=44656"}],"wp:term":[{"taxonomy":"category","embeddable":true,"href":"https:\/\/noticiasveracruz.com\/index.php\/wp-json\/wp\/v2\/categories?post=44656"},{"taxonomy":"post_tag","embeddable":true,"href":"https:\/\/noticiasveracruz.com\/index.php\/wp-json\/wp\/v2\/tags?post=44656"}],"curies":[{"name":"wp","href":"https:\/\/api.w.org\/{rel}","templated":true}]}}