{"id":44653,"date":"2024-11-25T00:02:24","date_gmt":"2024-11-25T06:02:24","guid":{"rendered":"https:\/\/noticiasveracruz.com\/?p=44653"},"modified":"2024-11-24T23:29:18","modified_gmt":"2024-11-25T05:29:18","slug":"el-grupo-de-musica-popular-cubana-siguaraya-se-presentara-en-el-parque-de-santiago-de-la-pena","status":"publish","type":"post","link":"https:\/\/noticiasveracruz.com\/index.php\/2024\/11\/25\/el-grupo-de-musica-popular-cubana-siguaraya-se-presentara-en-el-parque-de-santiago-de-la-pena\/","title":{"rendered":"El grupo de m\u00fasica popular cubana \u201cSiguaraya\u201d se presentar\u00e1 en el parque de Santiago de la Pe\u00f1a"},"content":{"rendered":"<p><span style=\"font-size: 14pt;\">El grupo de m\u00fasica popular cubana \u201cSiguaraya\u201d se presentar\u00e1 en el parque de Santiago de la Pe\u00f1a, ma\u00f1ana lunes a las 21:00 horas, con un gran repertorio de danzones, chachach\u00e1s, guajiras y sones cubanos.<\/span><\/p>\n<p><span style=\"font-size: 14pt;\">El presidente municipal, Dr. Jes\u00fas Fomperoza Torres, ha invitado a la ciudadan\u00eda tuxpe\u00f1a a que acuda a disfrutar el espect\u00e1culo art\u00edstico de esta agrupaci\u00f3n musical de Xalapa.<\/span><\/p>\n<p><span style=\"font-size: 14pt;\">Este evento art\u00edstico-cultural es promovido por el gobierno de Tuxpan, en el marco del 68 Aniversario de la Partida del Yate Granma a la isla de Cuba.<\/span><\/p>\n<p><img loading=\"lazy\" decoding=\"async\" class=\"alignnone size-medium wp-image-44654\" src=\"http:\/\/noticiasveracruz.com\/wp-content\/uploads\/2024\/11\/fcbfc1b9-b9bc-4aa5-bd49-2fbacba969b3-194x300.jpg\" alt=\"\" width=\"194\" height=\"300\" srcset=\"https:\/\/noticiasveracruz.com\/wp-content\/uploads\/2024\/11\/fcbfc1b9-b9bc-4aa5-bd49-2fbacba969b3-194x300.jpg 194w, https:\/\/noticiasveracruz.com\/wp-content\/uploads\/2024\/11\/fcbfc1b9-b9bc-4aa5-bd49-2fbacba969b3-661x1024.jpg 661w, https:\/\/noticiasveracruz.com\/wp-content\/uploads\/2024\/11\/fcbfc1b9-b9bc-4aa5-bd49-2fbacba969b3-768x1190.jpg 768w, https:\/\/noticiasveracruz.com\/wp-content\/uploads\/2024\/11\/fcbfc1b9-b9bc-4aa5-bd49-2fbacba969b3.jpg 826w\" sizes=\"auto, (max-width: 194px) 100vw, 194px\" \/><\/p>\n","protected":false},"excerpt":{"rendered":"<p>El grupo de m\u00fasica popular cubana \u201cSiguaraya\u201d se presentar\u00e1 en el parque de Santiago de la Pe\u00f1a, ma\u00f1ana lunes a<\/p>\n","protected":false},"author":4,"featured_media":44654,"comment_status":"closed","ping_status":"closed","sticky":false,"template":"","format":"standard","meta":{"colormag_page_container_layout":"default_layout","colormag_page_sidebar_layout":"default_layout","_jetpack_memberships_contains_paid_content":false,"footnotes":"","jetpack_publicize_message":"","jetpack_publicize_feature_enabled":true,"jetpack_social_post_already_shared":true,"jetpack_social_options":{"image_generator_settings":{"template":"highway","default_image_id":0,"font":"","enabled":false},"version":2}},"categories":[3372,356],"tags":[],"class_list":["post-44653","post","type-post","status-publish","format-standard","has-post-thumbnail","hentry","category-gobierno-tuxpan","category-veracruz"],"jetpack_publicize_connections":[],"jetpack_featured_media_url":"https:\/\/noticiasveracruz.com\/wp-content\/uploads\/2024\/11\/fcbfc1b9-b9bc-4aa5-bd49-2fbacba969b3.jpg","jetpack_sharing_enabled":true,"publishpress_future_action":{"enabled":false,"date":"2026-05-08 10:20:05","action":"change-status","newStatus":"draft","terms":[],"taxonomy":"category","extraData":[]},"publishpress_future_workflow_manual_trigger":{"enabledWorkflows":[]},"_links":{"self":[{"href":"https:\/\/noticiasveracruz.com\/index.php\/wp-json\/wp\/v2\/posts\/44653","targetHints":{"allow":["GET"]}}],"collection":[{"href":"https:\/\/noticiasveracruz.com\/index.php\/wp-json\/wp\/v2\/posts"}],"about":[{"href":"https:\/\/noticiasveracruz.com\/index.php\/wp-json\/wp\/v2\/types\/post"}],"author":[{"embeddable":true,"href":"https:\/\/noticiasveracruz.com\/index.php\/wp-json\/wp\/v2\/users\/4"}],"replies":[{"embeddable":true,"href":"https:\/\/noticiasveracruz.com\/index.php\/wp-json\/wp\/v2\/comments?post=44653"}],"version-history":[{"count":0,"href":"https:\/\/noticiasveracruz.com\/index.php\/wp-json\/wp\/v2\/posts\/44653\/revisions"}],"wp:featuredmedia":[{"embeddable":true,"href":"https:\/\/noticiasveracruz.com\/index.php\/wp-json\/wp\/v2\/media\/44654"}],"wp:attachment":[{"href":"https:\/\/noticiasveracruz.com\/index.php\/wp-json\/wp\/v2\/media?parent=44653"}],"wp:term":[{"taxonomy":"category","embeddable":true,"href":"https:\/\/noticiasveracruz.com\/index.php\/wp-json\/wp\/v2\/categories?post=44653"},{"taxonomy":"post_tag","embeddable":true,"href":"https:\/\/noticiasveracruz.com\/index.php\/wp-json\/wp\/v2\/tags?post=44653"}],"curies":[{"name":"wp","href":"https:\/\/api.w.org\/{rel}","templated":true}]}}