{"id":44633,"date":"2024-11-24T00:10:02","date_gmt":"2024-11-24T06:10:02","guid":{"rendered":"https:\/\/noticiasveracruz.com\/?p=44633"},"modified":"2024-11-23T23:26:31","modified_gmt":"2024-11-24T05:26:31","slug":"sheinbaum-cita-a-reunion-a-familiares-de-los-43-normalistas-de-ayotzinapa","status":"publish","type":"post","link":"https:\/\/noticiasveracruz.com\/index.php\/2024\/11\/24\/sheinbaum-cita-a-reunion-a-familiares-de-los-43-normalistas-de-ayotzinapa\/","title":{"rendered":"Sheinbaum cita a reuni\u00f3n a familiares de los 43 normalistas de Ayotzinapa"},"content":{"rendered":"<p><span style=\"font-size: 14pt;\">El Gobierno federal convoc\u00f3 a una reuni\u00f3n a las familias de los\u00a043 normalistas de Ayotzinapa,\u00a0estudiantes que fueron desaparecidos en 2014. Se trata de la primera cita que sostendr\u00e1\u00a0Claudia Sheinbaum, como presidenta, con madres y padres de los normalistas desaparecidos.<\/span><\/p>\n<p><span style=\"font-size: 14pt;\">La reuni\u00f3n se prev\u00e9 para el mi\u00e9rcoles 4 de diciembre a las 13:00 horas en Palacio Nacional. As\u00ed lo confirm\u00f3 don\u00a0Clemente Rodr\u00edguez,\u00a0padre de Christi\u00e1n Alfonso Rodr\u00edguez Telumbre, uno de los 43 normalistas desaparecidos entre el 26 y 27 de septiembre de 2014 en Iguala, Guerrero.<\/span><\/p>\n<p><span style=\"font-size: 14pt;\">El padre del normalista detall\u00f3 a El Sol de M\u00e9xico que las familias se reunir\u00e1n con sus abogados durante esta semana, previo a la reuni\u00f3n con la Presidenta y ah\u00ed decidir\u00e1n los planteamientos que le har\u00e1n a Sheinbaum Pardo.<\/span><\/p>\n","protected":false},"excerpt":{"rendered":"<p>El Gobierno federal convoc\u00f3 a una reuni\u00f3n a las familias de los\u00a043 normalistas de Ayotzinapa,\u00a0estudiantes que fueron desaparecidos en 2014.<\/p>\n","protected":false},"author":4,"featured_media":44634,"comment_status":"closed","ping_status":"closed","sticky":false,"template":"","format":"standard","meta":{"colormag_page_container_layout":"default_layout","colormag_page_sidebar_layout":"default_layout","_jetpack_memberships_contains_paid_content":false,"footnotes":"","jetpack_publicize_message":"","jetpack_publicize_feature_enabled":true,"jetpack_social_post_already_shared":true,"jetpack_social_options":{"image_generator_settings":{"template":"highway","default_image_id":0,"font":"","enabled":false},"version":2}},"categories":[4],"tags":[],"class_list":["post-44633","post","type-post","status-publish","format-standard","has-post-thumbnail","hentry","category-nacional"],"jetpack_publicize_connections":[],"jetpack_featured_media_url":"https:\/\/noticiasveracruz.com\/wp-content\/uploads\/2024\/11\/Diez-Anos-Ayotzinapa.jpg","jetpack_sharing_enabled":true,"publishpress_future_action":{"enabled":false,"date":"2026-05-08 13:59:00","action":"change-status","newStatus":"draft","terms":[],"taxonomy":"category","extraData":[]},"publishpress_future_workflow_manual_trigger":{"enabledWorkflows":[]},"_links":{"self":[{"href":"https:\/\/noticiasveracruz.com\/index.php\/wp-json\/wp\/v2\/posts\/44633","targetHints":{"allow":["GET"]}}],"collection":[{"href":"https:\/\/noticiasveracruz.com\/index.php\/wp-json\/wp\/v2\/posts"}],"about":[{"href":"https:\/\/noticiasveracruz.com\/index.php\/wp-json\/wp\/v2\/types\/post"}],"author":[{"embeddable":true,"href":"https:\/\/noticiasveracruz.com\/index.php\/wp-json\/wp\/v2\/users\/4"}],"replies":[{"embeddable":true,"href":"https:\/\/noticiasveracruz.com\/index.php\/wp-json\/wp\/v2\/comments?post=44633"}],"version-history":[{"count":0,"href":"https:\/\/noticiasveracruz.com\/index.php\/wp-json\/wp\/v2\/posts\/44633\/revisions"}],"wp:featuredmedia":[{"embeddable":true,"href":"https:\/\/noticiasveracruz.com\/index.php\/wp-json\/wp\/v2\/media\/44634"}],"wp:attachment":[{"href":"https:\/\/noticiasveracruz.com\/index.php\/wp-json\/wp\/v2\/media?parent=44633"}],"wp:term":[{"taxonomy":"category","embeddable":true,"href":"https:\/\/noticiasveracruz.com\/index.php\/wp-json\/wp\/v2\/categories?post=44633"},{"taxonomy":"post_tag","embeddable":true,"href":"https:\/\/noticiasveracruz.com\/index.php\/wp-json\/wp\/v2\/tags?post=44633"}],"curies":[{"name":"wp","href":"https:\/\/api.w.org\/{rel}","templated":true}]}}