{"id":44627,"date":"2024-11-24T00:08:07","date_gmt":"2024-11-24T06:08:07","guid":{"rendered":"https:\/\/noticiasveracruz.com\/?p=44627"},"modified":"2024-11-23T23:22:38","modified_gmt":"2024-11-24T05:22:38","slug":"la-reserva-federal-de-eu-revisara-el-marco-de-politica-monetaria","status":"publish","type":"post","link":"https:\/\/noticiasveracruz.com\/index.php\/2024\/11\/24\/la-reserva-federal-de-eu-revisara-el-marco-de-politica-monetaria\/","title":{"rendered":"La Reserva Federal de EU revisar\u00e1 el marco de pol\u00edtica monetaria"},"content":{"rendered":"<p>La\u00a0Reserva Federal de Estados Unidos\u00a0anunci\u00f3 el viernes la celebraci\u00f3n de una conferencia los d\u00edas 15 y 16 de mayo y de actos p\u00fablicos \u00abLa Reserva Federal escucha\u00bb en todo el pa\u00eds, como parte de una revisi\u00f3n de su estrategia de largo plazo y de su enfoque de la\u00a0pol\u00edtica monetaria.<\/p>\n<p>La llamada \u00abrevisi\u00f3n del marco\u00bb, la segunda de las que ahora se pretende sean an\u00e1lisis peri\u00f3dicos quinquenales del enfoque global de la pol\u00edtica monetaria del banco central estadounidense, se iniciar\u00e1 con debates entre los responsables a partir de enero, pero mirar\u00e1 tambi\u00e9n fuera de la instituci\u00f3n a trav\u00e9s de la conferencia y los actos comunitarios.<\/p>\n","protected":false},"excerpt":{"rendered":"<p>La\u00a0Reserva Federal de Estados Unidos\u00a0anunci\u00f3 el viernes la celebraci\u00f3n de una conferencia los d\u00edas 15 y 16 de mayo y<\/p>\n","protected":false},"author":4,"featured_media":44628,"comment_status":"closed","ping_status":"closed","sticky":false,"template":"","format":"standard","meta":{"colormag_page_container_layout":"default_layout","colormag_page_sidebar_layout":"default_layout","_jetpack_memberships_contains_paid_content":false,"footnotes":"","jetpack_publicize_message":"","jetpack_publicize_feature_enabled":true,"jetpack_social_post_already_shared":true,"jetpack_social_options":{"image_generator_settings":{"template":"highway","default_image_id":0,"font":"","enabled":false},"version":2}},"categories":[1947],"tags":[],"class_list":["post-44627","post","type-post","status-publish","format-standard","has-post-thumbnail","hentry","category-economia"],"jetpack_publicize_connections":[],"jetpack_featured_media_url":"https:\/\/noticiasveracruz.com\/wp-content\/uploads\/2024\/11\/66e4ce5074e88.jpeg","jetpack_sharing_enabled":true,"publishpress_future_action":{"enabled":false,"date":"2026-05-08 13:06:13","action":"change-status","newStatus":"draft","terms":[],"taxonomy":"category","extraData":[]},"publishpress_future_workflow_manual_trigger":{"enabledWorkflows":[]},"_links":{"self":[{"href":"https:\/\/noticiasveracruz.com\/index.php\/wp-json\/wp\/v2\/posts\/44627","targetHints":{"allow":["GET"]}}],"collection":[{"href":"https:\/\/noticiasveracruz.com\/index.php\/wp-json\/wp\/v2\/posts"}],"about":[{"href":"https:\/\/noticiasveracruz.com\/index.php\/wp-json\/wp\/v2\/types\/post"}],"author":[{"embeddable":true,"href":"https:\/\/noticiasveracruz.com\/index.php\/wp-json\/wp\/v2\/users\/4"}],"replies":[{"embeddable":true,"href":"https:\/\/noticiasveracruz.com\/index.php\/wp-json\/wp\/v2\/comments?post=44627"}],"version-history":[{"count":0,"href":"https:\/\/noticiasveracruz.com\/index.php\/wp-json\/wp\/v2\/posts\/44627\/revisions"}],"wp:featuredmedia":[{"embeddable":true,"href":"https:\/\/noticiasveracruz.com\/index.php\/wp-json\/wp\/v2\/media\/44628"}],"wp:attachment":[{"href":"https:\/\/noticiasveracruz.com\/index.php\/wp-json\/wp\/v2\/media?parent=44627"}],"wp:term":[{"taxonomy":"category","embeddable":true,"href":"https:\/\/noticiasveracruz.com\/index.php\/wp-json\/wp\/v2\/categories?post=44627"},{"taxonomy":"post_tag","embeddable":true,"href":"https:\/\/noticiasveracruz.com\/index.php\/wp-json\/wp\/v2\/tags?post=44627"}],"curies":[{"name":"wp","href":"https:\/\/api.w.org\/{rel}","templated":true}]}}