{"id":44618,"date":"2024-11-24T00:03:17","date_gmt":"2024-11-24T06:03:17","guid":{"rendered":"https:\/\/noticiasveracruz.com\/?p=44618"},"modified":"2024-11-23T23:11:17","modified_gmt":"2024-11-24T05:11:17","slug":"el-grupo-de-musica-popular-cubana-siguaraya-se-presentara-el-lunes-a-las-2100-horas-en-el-parque-de-santiago-de-la-pena","status":"publish","type":"post","link":"https:\/\/noticiasveracruz.com\/index.php\/2024\/11\/24\/el-grupo-de-musica-popular-cubana-siguaraya-se-presentara-el-lunes-a-las-2100-horas-en-el-parque-de-santiago-de-la-pena\/","title":{"rendered":"El grupo de m\u00fasica popular cubana \u201cSiguaraya\u201d se presentar\u00e1 el lunes, a las 21:00 horas, en el parque de Santiago de la Pe\u00f1a"},"content":{"rendered":"<p><span style=\"font-size: 14pt;\">La agrupaci\u00f3n de m\u00fasica popular cubana \u201cSiguaraya\u201d se presentar\u00e1 en el parque de Santiago de la Pe\u00f1a, el pr\u00f3ximo lunes a las 21:00 horas, en una velada que ser\u00e1 inolvidable.<\/span><\/p>\n<p><span style=\"font-size: 14pt;\">Este evento art\u00edstico-cultural es promovido por el Gobierno de Tuxpan, en el marco del 68 Aniversario de la Partida del Yate Granma a la isla de Cuba.<\/span><\/p>\n<p><span style=\"font-size: 14pt;\">\u201cSiguaraya\u201d es un proyecto que naci\u00f3 en Xalapa en 2021 y en pocos a\u00f1os ha logrado destacar no solo en Veracruz, sino tambi\u00e9n en otros estados como Chiapas, Oaxaca, Morelos y Puebla.<\/span><\/p>\n<p><span style=\"font-size: 14pt;\">Con m\u00fasicos talentosos buscan evocar a las grandes orquestas de charanga cubana y el gran repertorio cl\u00e1sico de danzones, chachach\u00e1s, guajiras y sones cubanos.<\/span><\/p>\n<p><span style=\"font-size: 14pt;\">El Gobierno de Tuxpan hace una invitaci\u00f3n general a la presentaci\u00f3n gratuita de este grupo musical, que sin duda pondr\u00e1 a bailar a los asistentes con sones y boleros tradicionales.<\/span><\/p>\n","protected":false},"excerpt":{"rendered":"<p>La agrupaci\u00f3n de m\u00fasica popular cubana \u201cSiguaraya\u201d se presentar\u00e1 en el parque de Santiago de la Pe\u00f1a, el pr\u00f3ximo lunes<\/p>\n","protected":false},"author":4,"featured_media":44619,"comment_status":"closed","ping_status":"closed","sticky":false,"template":"","format":"standard","meta":{"colormag_page_container_layout":"default_layout","colormag_page_sidebar_layout":"default_layout","_jetpack_memberships_contains_paid_content":false,"footnotes":"","jetpack_publicize_message":"","jetpack_publicize_feature_enabled":true,"jetpack_social_post_already_shared":true,"jetpack_social_options":{"image_generator_settings":{"template":"highway","default_image_id":0,"font":"","enabled":false},"version":2}},"categories":[3372,356],"tags":[],"class_list":["post-44618","post","type-post","status-publish","format-standard","has-post-thumbnail","hentry","category-gobierno-tuxpan","category-veracruz"],"jetpack_publicize_connections":[],"jetpack_featured_media_url":"https:\/\/noticiasveracruz.com\/wp-content\/uploads\/2024\/11\/94c141ce-cd33-4f2a-ace0-ed850d1eec6e.jpg","jetpack_sharing_enabled":true,"publishpress_future_action":{"enabled":false,"date":"2026-05-08 10:23:09","action":"change-status","newStatus":"draft","terms":[],"taxonomy":"category","extraData":[]},"publishpress_future_workflow_manual_trigger":{"enabledWorkflows":[]},"_links":{"self":[{"href":"https:\/\/noticiasveracruz.com\/index.php\/wp-json\/wp\/v2\/posts\/44618","targetHints":{"allow":["GET"]}}],"collection":[{"href":"https:\/\/noticiasveracruz.com\/index.php\/wp-json\/wp\/v2\/posts"}],"about":[{"href":"https:\/\/noticiasveracruz.com\/index.php\/wp-json\/wp\/v2\/types\/post"}],"author":[{"embeddable":true,"href":"https:\/\/noticiasveracruz.com\/index.php\/wp-json\/wp\/v2\/users\/4"}],"replies":[{"embeddable":true,"href":"https:\/\/noticiasveracruz.com\/index.php\/wp-json\/wp\/v2\/comments?post=44618"}],"version-history":[{"count":0,"href":"https:\/\/noticiasveracruz.com\/index.php\/wp-json\/wp\/v2\/posts\/44618\/revisions"}],"wp:featuredmedia":[{"embeddable":true,"href":"https:\/\/noticiasveracruz.com\/index.php\/wp-json\/wp\/v2\/media\/44619"}],"wp:attachment":[{"href":"https:\/\/noticiasveracruz.com\/index.php\/wp-json\/wp\/v2\/media?parent=44618"}],"wp:term":[{"taxonomy":"category","embeddable":true,"href":"https:\/\/noticiasveracruz.com\/index.php\/wp-json\/wp\/v2\/categories?post=44618"},{"taxonomy":"post_tag","embeddable":true,"href":"https:\/\/noticiasveracruz.com\/index.php\/wp-json\/wp\/v2\/tags?post=44618"}],"curies":[{"name":"wp","href":"https:\/\/api.w.org\/{rel}","templated":true}]}}