{"id":44615,"date":"2024-11-24T00:02:34","date_gmt":"2024-11-24T06:02:34","guid":{"rendered":"https:\/\/noticiasveracruz.com\/?p=44615"},"modified":"2024-11-23T23:09:04","modified_gmt":"2024-11-24T05:09:04","slug":"transportistas-actualizaran-sus-tarifas-por-retraso-en-el-traslado-de-mercancias","status":"publish","type":"post","link":"https:\/\/noticiasveracruz.com\/index.php\/2024\/11\/24\/transportistas-actualizaran-sus-tarifas-por-retraso-en-el-traslado-de-mercancias\/","title":{"rendered":"Transportistas actualizar\u00e1n sus tarifas por retraso en el traslado de mercanc\u00edas"},"content":{"rendered":"<p><span style=\"font-size: 14pt;\">Veracruz, Ver.<\/span><\/p>\n<p><span style=\"font-size: 14pt;\">El presidente de la Asociaci\u00f3n de Autotransportistas del puerto de Veracruz, Juan Antonio Trevi\u00f1o Flores, consider\u00f3 que el sector actualizar\u00e1 las tarifas de los fletes para el 2025 a consecuencia de la demora que se registra en el traslado de mercanc\u00edas por la ruta alterna para dirigirse al altiplano del pa\u00eds y por el costo del di\u00e9sel, lo cual incrementa los costos diarios de operaci\u00f3n.<\/span><\/p>\n<p><span style=\"font-size: 14pt;\">En entrevista, Trevi\u00f1o Flores dijo que el cierre de la autopista Orizaba-Puebla por el socav\u00f3n que se registr\u00f3 en las Cumbres de Maltrata provoca un incremento en el flujo vehicular en la v\u00eda de comunicaci\u00f3n Veracruz-Cardel-Xalapa-Perote.<\/span><\/p>\n<p><span style=\"font-size: 14pt;\">Incluso, el l\u00edder transportista refiri\u00f3 que las unidades de carga pierden hasta hora y media en el tramo Veracruz-Plan del R\u00edo por la carga vehicular en esa v\u00eda de comunicaci\u00f3n.<\/span><\/p>\n<p><span style=\"font-size: 14pt;\">\u00abDesafortunadamente por el deslave este tan grande que hubo en la autopista Orizaba-Puebla, Puebla-Orizaba, pues hay una afectaci\u00f3n para el transporte general de carga y la afectaci\u00f3n se est\u00e1 presentando con las v\u00edas alternas de comunicaci\u00f3n como la Veracruz-Xalapa, que est\u00e1n desviando el tr\u00e1fico, pues est\u00e1 generando mucha p\u00e9rdida de tiempo por el gran flujo vehicular que est\u00e1 teniendo esta carretera\u00bb, subray\u00f3.<\/span><\/p>\n<p><span style=\"font-size: 14pt;\">Adem\u00e1s de esa situaci\u00f3n, el presidente de la Asociaci\u00f3n de Autotransportistas del puerto de Veracruz critic\u00f3 el p\u00e9simo estado en que se encuentran las carreteras en la entidad y en el pa\u00eds, lo que tambi\u00e9n retrasa el traslado de mercanc\u00edas.<\/span><\/p>\n<p><span style=\"font-size: 14pt;\">Otro de los factores que afectar\u00e1n a la operaci\u00f3n del autotransporte de carga ser\u00e1 el incremento que habr\u00e1 en las casetas de cobro.<\/span><\/p>\n<p><span style=\"font-size: 14pt;\">Juan Antonio Trevi\u00f1o Flores record\u00f3 que las tarifas se pactan con los clientes a\u00f1o con a\u00f1o, por lo que se mantienen en este cierre del 2024.<\/span><\/p>\n<p><span style=\"font-size: 14pt;\">Sin embargo, Trevi\u00f1o Flores estim\u00f3 que las tarifas de los fletes se incrementar\u00e1n en un 15 por ciento dados los gastos que implica el traslado de mercanc\u00edas.<\/span><\/p>\n<p><span style=\"font-size: 14pt;\">\u00abYo creo que la Orizaba-Puebla s\u00ed va a impactar para las tarifas del pr\u00f3ximo a\u00f1o, las negociaciones de diciembre, enero, los compa\u00f1eros transportistas que normalmente utilizan esa ruta s\u00ed van a tener que incrementar las tarifas, tiene que haber un ajuste en las tarifas porque cada d\u00eda es m\u00e1s la p\u00e9rdida hacia el sector\u00bb, finaliz\u00f3.<\/span><\/p>\n","protected":false},"excerpt":{"rendered":"<p>Veracruz, Ver. El presidente de la Asociaci\u00f3n de Autotransportistas del puerto de Veracruz, Juan Antonio Trevi\u00f1o Flores, consider\u00f3 que el<\/p>\n","protected":false},"author":4,"featured_media":44616,"comment_status":"closed","ping_status":"closed","sticky":false,"template":"","format":"standard","meta":{"colormag_page_container_layout":"default_layout","colormag_page_sidebar_layout":"default_layout","_jetpack_memberships_contains_paid_content":false,"footnotes":"","jetpack_publicize_message":"","jetpack_publicize_feature_enabled":true,"jetpack_social_post_already_shared":true,"jetpack_social_options":{"image_generator_settings":{"template":"highway","default_image_id":0,"font":"","enabled":false},"version":2}},"categories":[356],"tags":[],"class_list":["post-44615","post","type-post","status-publish","format-standard","has-post-thumbnail","hentry","category-veracruz"],"jetpack_publicize_connections":[],"jetpack_featured_media_url":"https:\/\/noticiasveracruz.com\/wp-content\/uploads\/2024\/11\/7a-2.jpg","jetpack_sharing_enabled":true,"publishpress_future_action":{"enabled":false,"date":"2026-05-08 11:18:04","action":"change-status","newStatus":"draft","terms":[],"taxonomy":"category","extraData":[]},"publishpress_future_workflow_manual_trigger":{"enabledWorkflows":[]},"_links":{"self":[{"href":"https:\/\/noticiasveracruz.com\/index.php\/wp-json\/wp\/v2\/posts\/44615","targetHints":{"allow":["GET"]}}],"collection":[{"href":"https:\/\/noticiasveracruz.com\/index.php\/wp-json\/wp\/v2\/posts"}],"about":[{"href":"https:\/\/noticiasveracruz.com\/index.php\/wp-json\/wp\/v2\/types\/post"}],"author":[{"embeddable":true,"href":"https:\/\/noticiasveracruz.com\/index.php\/wp-json\/wp\/v2\/users\/4"}],"replies":[{"embeddable":true,"href":"https:\/\/noticiasveracruz.com\/index.php\/wp-json\/wp\/v2\/comments?post=44615"}],"version-history":[{"count":0,"href":"https:\/\/noticiasveracruz.com\/index.php\/wp-json\/wp\/v2\/posts\/44615\/revisions"}],"wp:featuredmedia":[{"embeddable":true,"href":"https:\/\/noticiasveracruz.com\/index.php\/wp-json\/wp\/v2\/media\/44616"}],"wp:attachment":[{"href":"https:\/\/noticiasveracruz.com\/index.php\/wp-json\/wp\/v2\/media?parent=44615"}],"wp:term":[{"taxonomy":"category","embeddable":true,"href":"https:\/\/noticiasveracruz.com\/index.php\/wp-json\/wp\/v2\/categories?post=44615"},{"taxonomy":"post_tag","embeddable":true,"href":"https:\/\/noticiasveracruz.com\/index.php\/wp-json\/wp\/v2\/tags?post=44615"}],"curies":[{"name":"wp","href":"https:\/\/api.w.org\/{rel}","templated":true}]}}