{"id":4461,"date":"2022-05-18T18:11:04","date_gmt":"2022-05-18T23:11:04","guid":{"rendered":"https:\/\/noticiasveracruz.com\/?p=4461"},"modified":"2022-05-19T09:53:07","modified_gmt":"2022-05-19T14:53:07","slug":"llego-el-tango-a-la-orquesta-sinfonica-de-xalapa","status":"publish","type":"post","link":"https:\/\/noticiasveracruz.com\/index.php\/2022\/05\/18\/llego-el-tango-a-la-orquesta-sinfonica-de-xalapa\/","title":{"rendered":"\u00a1Lleg\u00f3 el \u201cTango\u201d a la Orquesta Sinf\u00f3nica de Xalapa!"},"content":{"rendered":"<div class=\"row\">\n<div id=\"article-content-tts\" class=\"article-content ljn-nota-contenido\">\n<div id=\"content_nitf\">\n<p>&nbsp;<\/p>\n<p>&nbsp;<\/p>\n<p class=\"p1\"><strong><span style=\"font-size: 18pt;\">&lt;&lt;Se interpretar\u00e1 \u201cTango\u201d de la mexicana Gina Enr\u00edquez y \u201cLas Cuatro Estaciones Porte\u00f1as\u201d del argentino Astor Piazzolla&gt;&gt;<\/span><\/strong><\/p>\n<p class=\"p1\"><strong><span style=\"font-size: 18pt;\">&lt;&lt;Rub\u00e9n Flores, Director Invitado&gt;&gt;<\/span><\/strong><\/p>\n<p>&nbsp;<\/p>\n<p class=\"p1\"><span style=\"font-size: 14pt;\"><strong><em>Xalapa. <\/em>La Orquesta Sinf\u00f3nica de Xalapa (OSX) de la Universidad Veracruzana (UV), presenta desde Tlaqn\u00e1<\/strong>, Centro Cultural, un programa lleno de m\u00fasica, ritmo y sabor latino de la mano de \u201cTango\u201d de Gina Enr\u00edquez, \u201cLas Cuatro Estaciones Porte\u00f1as\u201d de Astor Piazzolla y dos destacadas composiciones de Mario Lavista: \u201cLacrymosa\u201d y \u201cDanza Isorr\u00edtmica\u201d.<\/span><br \/>\n<span style=\"font-size: 14pt;\">Bajo la direcci\u00f3n de Rub\u00e9n Flores como Director Invitado y la participaci\u00f3n del violinista L\u00e1zaro Jascha Gonz\u00e1lez como solista. El concierto se realizar\u00e1 el viernes 20 de mayo en punto de las 20:30 h (boletos en orquestasinfonicadexalapa.com).<\/span><\/p>\n<p><span style=\"font-size: 18pt;\"><strong>Adem\u00e1s, la OSX ofrecer\u00e1 Conciertos Did\u00e1cticos Universitarios de forma gratuita los d\u00edas: mi\u00e9rcoles 18, jueves 19 y viernes 20 de mayo a las 10:00 h y 11:45 h; con un programa parcial para disfrute y aprendizaje de la Comunidad UV, estudiantes y p\u00fablico en general. Para asistir se requiere registro previo en: <a href=\"conciertosdidacticos.osx@gmail.com\">conciertosdidacticos.osx@gmail.com<\/a><\/strong><\/span><\/p>\n<p><strong><span style=\"font-size: 18pt;\">\u201cTango\u201d, de la compositora mexicana Gina Enr\u00edquez, fue compuesta en 2001, como lo indica el nombre est\u00e1 influenciada en el g\u00e9nero y danza tradicionales de Buenos Aires (Argentina) y Montevideo (Uruguay). Deleitando al escucha con un ritmo \u00fanico marcado a trav\u00e9s de percusiones que invitan a la danza desde el imaginario.<\/span><\/strong><\/p>\n<p class=\"p1\"><span style=\"font-size: 14pt;\">Las Cuatro Estaciones Porte\u00f1as, de Astor Piazzolla, no s\u00f3lo toman la ra\u00edz de su nombre de la famosa obra de Vivaldi, sino que tambi\u00e9n constituyen un di\u00e1logo extraordinario entre el compositor italiano y el argentino. Engloban cuatro peque\u00f1as piezas que describen la ciudad de Buenos Aires en cada una de las estaciones del a\u00f1o, de un modo similar al que lo hizo Vivaldi en sus conciertos para viol\u00edn titulados \u201cCuatro estaciones\u201d. Son consideradas como una de las composiciones fundamentales en su cat\u00e1logo. En el viol\u00edn, L\u00e1zaro Jascha Gonz\u00e1lez, solista del concierto.<\/span><\/p>\n<p><img loading=\"lazy\" decoding=\"async\" class=\"aligncenter wp-image-5489 size-large\" src=\"https:\/\/politicosaldesnudo.com.mx\/wp-content\/uploads\/2022\/05\/16.-Enri\u0301quez-Piazzolla-y-Lavista-8041-1024x678.jpg\" alt=\"\" width=\"800\" height=\"530\" \/><\/p>\n<p>&nbsp;<\/p>\n<p class=\"p1\"><span style=\"font-size: 14pt;\">Mario Lavista es uno de los compositores m\u00e1s destacados de m\u00fasica vanguardista en M\u00e9xico, escribi\u00f3 \u00abDanza Isorr\u00edtmica\u00bb partiendo de esta premisa para el mundialmente reconocido grupo de percusiones: \u201cTambuco\u201d en 1997. \u00danica en el repertorio para percusiones del compositor, posee influencias sonoras de Ch\u00e1vez y de Iannis Xenakis, y se caracteriza por ser un deleite r\u00edtmico sin igual. Posteriormente llega otra de las grandes obras de Lavista: \u201cLacrymosa para orquesta\u201d, pieza compuesta en 1992 con principal influencia de cuerdas y dedicada a la memoria del poeta alem\u00e1n: Gerhart Muench.<\/span><\/p>\n<p class=\"p1\"><span style=\"font-size: 14pt;\">El solista, L\u00e1zaro Jascha Gonz\u00e1lez, es originario de Oaxaca y egresado de la Facultad de M\u00fasica de la UV, posee adem\u00e1s una maestr\u00eda en Interpretaci\u00f3n Violin\u00edstica. Actualmente es integrante de la Orquesta Sinf\u00f3nica de Xalapa desde el a\u00f1o 2004. En el a\u00f1o 2003 obtuvo el 1er. Lugar en el Concurso Nacional de Viol\u00edn \u201cHermilo Novelo\u201d y tambi\u00e9n fue participante activo del Concurso Internacional de Viol\u00edn \u201cHenryk Szeryng\u201d en Toluca en el 2008.<\/span><\/p>\n<p class=\"p1\"><span style=\"font-size: 18pt;\"><strong>Como solista, ha destacado al interpretar grandes conciertos de viol\u00edn, entre ellos el de Sibelius, Prokofiev, Glazunov, Barber, entre otros. Ha sido solista de la Orquesta Sinf\u00f3nica de Xalapa, Orquesta Sinf\u00f3nica de la Universidad Aut\u00f3noma de Tamaulipas, la Orquesta Sinf\u00f3nica Juvenil del Estado de Veracruz, Orquesta Universitaria de M\u00fasica Popular, Orquesta de C\u00e1mara de la Escuela de Bellas Artes de Oaxaca, y Orquesta de C\u00e1mara de Xalapa; entre otras.<\/strong><\/span><\/p>\n<p><img loading=\"lazy\" decoding=\"async\" class=\"aligncenter wp-image-5488 size-large\" src=\"https:\/\/politicosaldesnudo.com.mx\/wp-content\/uploads\/2022\/05\/16.-Enri\u0301quez-Piazzolla-y-Lavista-8023-1024x678.jpg\" alt=\"\" width=\"800\" height=\"530\" \/><\/p>\n<p>&nbsp;<\/p>\n<p class=\"p1\"><span style=\"font-size: 14pt;\">El Director Invitado, Rub\u00e9n Flores, originario de Xalapa, Veracruz; creci\u00f3 bajo la influencia de la Orquesta Sinf\u00f3nica de Xalapa. Fund\u00f3 la Orquesta Sinf\u00f3nica Eduardo Hern\u00e1ndez Moncada y la Banda Taurina la Maestranza.<\/span><\/p>\n<p class=\"p1\"><span style=\"font-size: 14pt;\">Su experiencia durante seis a\u00f1os (2001-2007) como Director Titular de la Banda Sinf\u00f3nica del Gobierno del Estado de Veracruz, le hizo a realizar m\u00e1s de 100 transcripciones y arreglos para diferentes grupos. Ha sido durante dos a\u00f1os consecutivos Director Titular de la Orquesta Nacional de Flautas de M\u00e9xico en los Estados Unidos, actividad donde ha difundido su trabajo como compositor y arreglista en ese pa\u00eds. Actualmente es Director Titular de la Orquesta Universitaria de M\u00fasica Popular de la UV.<\/span><\/p>\n<p>&nbsp;<\/p>\n<p>&nbsp;<\/p>\n<p>&nbsp;<\/p>\n<p>&nbsp;<\/p>\n<\/div>\n<\/div>\n<\/div>\n<div class=\"row\"><\/div>\n<div class=\"article-meta\"><\/div>\n","protected":false},"excerpt":{"rendered":"<p>&nbsp; &nbsp; &lt;&lt;Se interpretar\u00e1 \u201cTango\u201d de la mexicana Gina Enr\u00edquez y \u201cLas Cuatro Estaciones Porte\u00f1as\u201d del argentino Astor Piazzolla&gt;&gt; &lt;&lt;Rub\u00e9n<\/p>\n","protected":false},"author":4,"featured_media":4462,"comment_status":"closed","ping_status":"closed","sticky":false,"template":"","format":"standard","meta":{"colormag_page_container_layout":"default_layout","colormag_page_sidebar_layout":"default_layout","_jetpack_memberships_contains_paid_content":false,"footnotes":"","jetpack_publicize_message":"","jetpack_publicize_feature_enabled":true,"jetpack_social_post_already_shared":false,"jetpack_social_options":{"image_generator_settings":{"template":"highway","default_image_id":0,"font":"","enabled":false},"version":2}},"categories":[358],"tags":[728,258],"class_list":["post-4461","post","type-post","status-publish","format-standard","has-post-thumbnail","hentry","category-cultura","tag-osx","tag-xalapa"],"jetpack_publicize_connections":[],"jetpack_featured_media_url":"https:\/\/noticiasveracruz.com\/wp-content\/uploads\/2022\/05\/16.-Enri\u0301quez-Piazzolla-y-Lavista-7989-scaled.jpg","jetpack_sharing_enabled":true,"publishpress_future_action":{"enabled":false,"date":"2026-05-06 23:29:20","action":"change-status","newStatus":"draft","terms":[],"taxonomy":"category","extraData":[]},"publishpress_future_workflow_manual_trigger":{"enabledWorkflows":[]},"_links":{"self":[{"href":"https:\/\/noticiasveracruz.com\/index.php\/wp-json\/wp\/v2\/posts\/4461","targetHints":{"allow":["GET"]}}],"collection":[{"href":"https:\/\/noticiasveracruz.com\/index.php\/wp-json\/wp\/v2\/posts"}],"about":[{"href":"https:\/\/noticiasveracruz.com\/index.php\/wp-json\/wp\/v2\/types\/post"}],"author":[{"embeddable":true,"href":"https:\/\/noticiasveracruz.com\/index.php\/wp-json\/wp\/v2\/users\/4"}],"replies":[{"embeddable":true,"href":"https:\/\/noticiasveracruz.com\/index.php\/wp-json\/wp\/v2\/comments?post=4461"}],"version-history":[{"count":0,"href":"https:\/\/noticiasveracruz.com\/index.php\/wp-json\/wp\/v2\/posts\/4461\/revisions"}],"wp:featuredmedia":[{"embeddable":true,"href":"https:\/\/noticiasveracruz.com\/index.php\/wp-json\/wp\/v2\/media\/4462"}],"wp:attachment":[{"href":"https:\/\/noticiasveracruz.com\/index.php\/wp-json\/wp\/v2\/media?parent=4461"}],"wp:term":[{"taxonomy":"category","embeddable":true,"href":"https:\/\/noticiasveracruz.com\/index.php\/wp-json\/wp\/v2\/categories?post=4461"},{"taxonomy":"post_tag","embeddable":true,"href":"https:\/\/noticiasveracruz.com\/index.php\/wp-json\/wp\/v2\/tags?post=4461"}],"curies":[{"name":"wp","href":"https:\/\/api.w.org\/{rel}","templated":true}]}}