{"id":44604,"date":"2024-11-23T14:04:57","date_gmt":"2024-11-23T20:04:57","guid":{"rendered":"https:\/\/noticiasveracruz.com\/?p=44604"},"modified":"2024-11-23T14:04:57","modified_gmt":"2024-11-23T20:04:57","slug":"apoyemos-a-los-productores-locales-en-su-mercadito-solidario-que-se-realizara-manana-domingo-en-la-plaza-civica","status":"publish","type":"post","link":"https:\/\/noticiasveracruz.com\/index.php\/2024\/11\/23\/apoyemos-a-los-productores-locales-en-su-mercadito-solidario-que-se-realizara-manana-domingo-en-la-plaza-civica\/","title":{"rendered":"Apoyemos a los productores locales en su \u201cMercadito Solidario\u201d, que se realizar\u00e1 ma\u00f1ana domingo en la Plaza C\u00edvica"},"content":{"rendered":"<p><img loading=\"lazy\" decoding=\"async\" class=\"size-medium wp-image-44605 aligncenter\" src=\"http:\/\/noticiasveracruz.com\/wp-content\/uploads\/2024\/11\/01b94b56-4ccd-4c5b-bfae-60695f7bf3c1-208x300.jpg\" alt=\"\" width=\"208\" height=\"300\" srcset=\"https:\/\/noticiasveracruz.com\/wp-content\/uploads\/2024\/11\/01b94b56-4ccd-4c5b-bfae-60695f7bf3c1-208x300.jpg 208w, https:\/\/noticiasveracruz.com\/wp-content\/uploads\/2024\/11\/01b94b56-4ccd-4c5b-bfae-60695f7bf3c1-709x1024.jpg 709w, https:\/\/noticiasveracruz.com\/wp-content\/uploads\/2024\/11\/01b94b56-4ccd-4c5b-bfae-60695f7bf3c1-768x1109.jpg 768w, https:\/\/noticiasveracruz.com\/wp-content\/uploads\/2024\/11\/01b94b56-4ccd-4c5b-bfae-60695f7bf3c1-1064x1536.jpg 1064w, https:\/\/noticiasveracruz.com\/wp-content\/uploads\/2024\/11\/01b94b56-4ccd-4c5b-bfae-60695f7bf3c1.jpg 1108w\" sizes=\"auto, (max-width: 208px) 100vw, 208px\" \/><\/p>\n<p><span style=\"font-size: 14pt;\"><em><strong>* Se comercializar\u00e1n productos agroecol\u00f3gicos, sin intermediarios y a muy buenos precios.<\/strong><\/em><\/span><\/p>\n<p><span style=\"font-size: 14pt;\">La ciudadan\u00eda tuxpe\u00f1a tendr\u00e1 la oportunidad de adquirir productos frescos del campo, ecol\u00f3gicos y a muy buenos precios, ma\u00f1ana domingo 24 de noviembre a partir de las 8:00 horas, en la plaza c\u00edvica.<\/span><\/p>\n<p><span style=\"font-size: 14pt;\">El Mercadito Solidario es impulsado por las Escuelas Campesinas del programa de extensionismo de la SEDARPA.<\/span><\/p>\n<p><span style=\"font-size: 14pt;\">Este evento busca fomentar el consumo solidario de productos agroecol\u00f3gicos y apoyar, al mismo tiempo, a mujeres y hombres del campo que se esfuerzan en hacer producir la tierra de una manera sustentable.<\/span><\/p>\n<p><span style=\"font-size: 14pt;\">Lo destacado es que la comercializaci\u00f3n se hace de manera directa, sin intermediarios, lo que favorece a que los precios de los productos sean realmente bajos.<\/span><\/p>\n<p><span style=\"font-size: 14pt;\">Con el apoyo de la ciudadan\u00eda y sus compras, se fortalece la econom\u00eda de las familias del campo.<\/span><\/p>\n","protected":false},"excerpt":{"rendered":"<p>* Se comercializar\u00e1n productos agroecol\u00f3gicos, sin intermediarios y a muy buenos precios. La ciudadan\u00eda tuxpe\u00f1a tendr\u00e1 la oportunidad de adquirir<\/p>\n","protected":false},"author":4,"featured_media":44605,"comment_status":"closed","ping_status":"closed","sticky":false,"template":"","format":"standard","meta":{"colormag_page_container_layout":"default_layout","colormag_page_sidebar_layout":"default_layout","_jetpack_memberships_contains_paid_content":false,"footnotes":"","jetpack_publicize_message":"","jetpack_publicize_feature_enabled":true,"jetpack_social_post_already_shared":true,"jetpack_social_options":{"image_generator_settings":{"template":"highway","default_image_id":0,"font":"","enabled":false},"version":2}},"categories":[3372,356],"tags":[],"class_list":["post-44604","post","type-post","status-publish","format-standard","has-post-thumbnail","hentry","category-gobierno-tuxpan","category-veracruz"],"jetpack_publicize_connections":[],"jetpack_featured_media_url":"https:\/\/noticiasveracruz.com\/wp-content\/uploads\/2024\/11\/01b94b56-4ccd-4c5b-bfae-60695f7bf3c1.jpg","jetpack_sharing_enabled":true,"publishpress_future_action":{"enabled":false,"date":"2026-05-08 10:20:06","action":"change-status","newStatus":"draft","terms":[],"taxonomy":"category","extraData":[]},"publishpress_future_workflow_manual_trigger":{"enabledWorkflows":[]},"_links":{"self":[{"href":"https:\/\/noticiasveracruz.com\/index.php\/wp-json\/wp\/v2\/posts\/44604","targetHints":{"allow":["GET"]}}],"collection":[{"href":"https:\/\/noticiasveracruz.com\/index.php\/wp-json\/wp\/v2\/posts"}],"about":[{"href":"https:\/\/noticiasveracruz.com\/index.php\/wp-json\/wp\/v2\/types\/post"}],"author":[{"embeddable":true,"href":"https:\/\/noticiasveracruz.com\/index.php\/wp-json\/wp\/v2\/users\/4"}],"replies":[{"embeddable":true,"href":"https:\/\/noticiasveracruz.com\/index.php\/wp-json\/wp\/v2\/comments?post=44604"}],"version-history":[{"count":0,"href":"https:\/\/noticiasveracruz.com\/index.php\/wp-json\/wp\/v2\/posts\/44604\/revisions"}],"wp:featuredmedia":[{"embeddable":true,"href":"https:\/\/noticiasveracruz.com\/index.php\/wp-json\/wp\/v2\/media\/44605"}],"wp:attachment":[{"href":"https:\/\/noticiasveracruz.com\/index.php\/wp-json\/wp\/v2\/media?parent=44604"}],"wp:term":[{"taxonomy":"category","embeddable":true,"href":"https:\/\/noticiasveracruz.com\/index.php\/wp-json\/wp\/v2\/categories?post=44604"},{"taxonomy":"post_tag","embeddable":true,"href":"https:\/\/noticiasveracruz.com\/index.php\/wp-json\/wp\/v2\/tags?post=44604"}],"curies":[{"name":"wp","href":"https:\/\/api.w.org\/{rel}","templated":true}]}}