{"id":44596,"date":"2024-11-23T00:17:34","date_gmt":"2024-11-23T06:17:34","guid":{"rendered":"https:\/\/noticiasveracruz.com\/?p=44596"},"modified":"2024-11-22T19:38:03","modified_gmt":"2024-11-23T01:38:03","slug":"criminales-intentaron-conseguir-datos-de-personal-clave-de-celaya-a-traves-del-alcalde","status":"publish","type":"post","link":"https:\/\/noticiasveracruz.com\/index.php\/2024\/11\/23\/criminales-intentaron-conseguir-datos-de-personal-clave-de-celaya-a-traves-del-alcalde\/","title":{"rendered":"Criminales intentaron conseguir datos de personal clave de Celaya a trav\u00e9s del alcalde"},"content":{"rendered":"<p><span style=\"font-size: 14pt;\">El crimen organizado solicit\u00f3 al\u00a0alcalde Juan Miguel Ram\u00edrez\u00a0S\u00e1nchez las direcciones de\u00a0los directores y puestos claves, por lo que se neg\u00f3 y se\u00a0envi\u00f3 mayor vigilancia\u00a0en domicilios de cargos claves, como el domicilio del director de Infopol Jorge Acu\u00f1a, el cual fue baleado por la ma\u00f1ana de este viernes.<\/span><\/p>\n<p><span style=\"font-size: 14pt;\">En\u00a0rueda de prensa, el\u00a0primer edil\u00a0reconoci\u00f3 que\u00a0en un principio el crimen organizado\u00a0le pidi\u00f3 entregar\u00a0direcciones de seguridad\u00a0como de\u00a0Protecci\u00f3n Civil,\u00a0Fiscalizaci\u00f3n,\u00a0Infopol, Tr\u00e1nsito y C4.<\/span><\/p>\n<p><span style=\"font-size: 14pt;\">\u00abPero nosotros, por supuesto,\u00a0nunca lo aceptar\u00edamos\u00a0y ni lo aceptamos. Y\u00a0determinamos darle seguridad\u00a0a todas esas direcciones del gabinete. Pero ahora vamos a reforzar a Infopol y\u00a0todas las direcciones de seguridad,\u00a0porque en\u00a0la medida de que estamos trabajando\u00a0hay reacciones, en la medida en que hemos dicho que\u00a0hay una disminuci\u00f3n\u00a0de\u00a0los cr\u00edmenes\u00a0y hemos metido a decenas y\u00a0decenas de personas\u00a0a la c\u00e1rcel, eso tiene refacciones\u00bb, coment\u00f3 Ram\u00edrez S\u00e1nchez.<\/span><\/p>\n","protected":false},"excerpt":{"rendered":"<p>El crimen organizado solicit\u00f3 al\u00a0alcalde Juan Miguel Ram\u00edrez\u00a0S\u00e1nchez las direcciones de\u00a0los directores y puestos claves, por lo que se neg\u00f3 y se\u00a0envi\u00f3 mayor vigilancia\u00a0en domicilios de cargos claves, como el domicilio del director de Infopol Jorge Acu\u00f1a, el cual fue baleado por la ma\u00f1ana de este viernes. En\u00a0rueda de prensa, el\u00a0primer edil\u00a0reconoci\u00f3 que\u00a0en un principio [&hellip;]<\/p>\n","protected":false},"author":4,"featured_media":44597,"comment_status":"closed","ping_status":"closed","sticky":false,"template":"","format":"standard","meta":{"_jetpack_newsletter_access":"","_jetpack_dont_email_post_to_subs":false,"_jetpack_newsletter_tier_id":0,"_jetpack_memberships_contains_paywalled_content":false,"_jetpack_feature_clip_id":0,"_jetpack_memberships_contains_paid_content":false,"footnotes":"","jetpack_publicize_message":"","jetpack_publicize_feature_enabled":true,"jetpack_social_post_already_shared":true,"jetpack_social_options":{"image_generator_settings":{"template":"highway","default_image_id":0,"font":"","enabled":false},"version":2},"jetpack_post_was_ever_published":false},"categories":[4],"tags":[],"class_list":["post-44596","post","type-post","status-publish","format-standard","has-post-thumbnail","hentry","category-nacional"],"jetpack_publicize_connections":[],"jetpack_sharing_enabled":true,"publishpress_future_action":{"enabled":false,"date":"2026-09-06 19:25:27","action":"change-status","newStatus":"draft","terms":[],"taxonomy":"category","extraData":[]},"publishpress_future_workflow_manual_trigger":{"enabledWorkflows":[]},"jetpack_featured_media_url":"https:\/\/noticiasveracruz.com\/wp-content\/uploads\/2024\/11\/El-alcalde-dijo.jpg","_links":{"self":[{"href":"https:\/\/noticiasveracruz.com\/index.php\/wp-json\/wp\/v2\/posts\/44596","targetHints":{"allow":["GET"]}}],"collection":[{"href":"https:\/\/noticiasveracruz.com\/index.php\/wp-json\/wp\/v2\/posts"}],"about":[{"href":"https:\/\/noticiasveracruz.com\/index.php\/wp-json\/wp\/v2\/types\/post"}],"author":[{"embeddable":true,"href":"https:\/\/noticiasveracruz.com\/index.php\/wp-json\/wp\/v2\/users\/4"}],"replies":[{"embeddable":true,"href":"https:\/\/noticiasveracruz.com\/index.php\/wp-json\/wp\/v2\/comments?post=44596"}],"version-history":[{"count":0,"href":"https:\/\/noticiasveracruz.com\/index.php\/wp-json\/wp\/v2\/posts\/44596\/revisions"}],"wp:featuredmedia":[{"embeddable":true,"href":"https:\/\/noticiasveracruz.com\/index.php\/wp-json\/wp\/v2\/media\/44597"}],"wp:attachment":[{"href":"https:\/\/noticiasveracruz.com\/index.php\/wp-json\/wp\/v2\/media?parent=44596"}],"wp:term":[{"taxonomy":"category","embeddable":true,"href":"https:\/\/noticiasveracruz.com\/index.php\/wp-json\/wp\/v2\/categories?post=44596"},{"taxonomy":"post_tag","embeddable":true,"href":"https:\/\/noticiasveracruz.com\/index.php\/wp-json\/wp\/v2\/tags?post=44596"}],"curies":[{"name":"wp","href":"https:\/\/api.w.org\/{rel}","templated":true}]}}