{"id":4457,"date":"2022-05-18T17:59:48","date_gmt":"2022-05-18T22:59:48","guid":{"rendered":"https:\/\/noticiasveracruz.com\/?p=4457"},"modified":"2022-05-18T17:59:48","modified_gmt":"2022-05-18T22:59:48","slug":"reanudaran-negociaciones-venezuela-y-oposicion-en-mexico","status":"publish","type":"post","link":"https:\/\/noticiasveracruz.com\/index.php\/2022\/05\/18\/reanudaran-negociaciones-venezuela-y-oposicion-en-mexico\/","title":{"rendered":"Reanudar\u00e1n negociaciones Venezuela y oposici\u00f3n en M\u00e9xico"},"content":{"rendered":"<p class=\"p2\"><span style=\"font-size: 14pt;\"><em><strong>Montevideo.<\/strong><\/em>\u00a0<strong>Venezuela anunci\u00f3 el inicio de las negociaciones para retomar las mesas de di\u00e1logo en Ciudad de M\u00e9xic<\/strong>o, tras un encuentro entre el presidente de la Asamblea Nacional venezolana, Jorge Rodr\u00edguez, con el coordinador de la delegaci\u00f3n opositora, Gerardo Blyde.<\/span><\/p>\n<p class=\"p2\"><strong><span style=\"font-size: 14pt;\">El diputado y jefe de la delegaci\u00f3n oficialista confirm\u00f3 el encuentro, que ten\u00eda como objetivo \u201cbuscar f\u00f3rmulas de acci\u00f3n para el futuro\u201d, seg\u00fan afirm\u00f3 a trav\u00e9s de Twitter.<\/span><\/strong><\/p>\n<p class=\"p2\"><span style=\"font-size: 14pt;\">Asimismo, la alianza opositora Plataforma Unitaria inform\u00f3 del inicio de las \u201cconversaciones formales\u201d con el gobierno, \u201ca los fines de lograr su pronta reactivaci\u00f3n\u201d de las mesas de di\u00e1logo.<\/span><\/p>\n<figure id=\"attachment_5481\" aria-describedby=\"caption-attachment-5481\" style=\"width: 800px\" class=\"wp-caption aligncenter\"><img loading=\"lazy\" decoding=\"async\" class=\"wp-image-5481 size-large\" src=\"https:\/\/politicosaldesnudo.com.mx\/wp-content\/uploads\/2022\/05\/P-VENEZUELA3-1024x573.png\" alt=\"\" width=\"800\" height=\"448\" \/><figcaption id=\"caption-attachment-5481\" class=\"wp-caption-text\">Mesa de negociaci\u00f3n iniciada en 2021.<\/figcaption><\/figure>\n<p>&nbsp;<\/p>\n<p class=\"p2\"><strong><span style=\"font-size: 18pt;\">La oposici\u00f3n espera que los pr\u00f3ximos encuentros logren \u201cprecisar y acordar los elementos necesarios para el pronto reinicio de este proceso de negociaci\u00f3n que no debi\u00f3 haber sido suspendido\u201d.<\/span><\/strong><\/p>\n<blockquote>\n<p class=\"p2\"><span style=\"font-size: 14pt;\">Reiteramos nuestra total disposici\u00f3n para construir de manera urgente un gran acuerdo pol\u00edtico que permita lograr la recuperaci\u00f3n de Venezuela a trav\u00e9s de la reinstitucionalizaci\u00f3n democr\u00e1tica del pa\u00eds, la celebraci\u00f3n de elecciones libres, justas y transparentes y la restituci\u00f3n de los derechos fundamentales\u201d, informaron en un comunicado.<\/span><\/p>\n<\/blockquote>\n<p>&nbsp;<\/p>\n<p class=\"p2\"><span style=\"font-size: 18pt;\"><strong>DI\u00c1LOGO 2021<\/strong><\/span><\/p>\n<p class=\"p2\"><strong><span style=\"font-size: 18pt;\">Las conversaciones en Ciudad de M\u00e9xico comenzaron en agosto de 2021, pero el gobierno venezolano se retir\u00f3 en octubre, cuando Cabo Verde extradit\u00f3 a Estados Unidos a Alex Saab, un colombo venezolano cercano al presidente Nicol\u00e1s Maduro, que est\u00e1 siendo juzgado por lavado de activos por la justicia estadounidense.<\/span><\/strong><\/p>\n<p>&nbsp;<\/p>\n<p><img loading=\"lazy\" decoding=\"async\" class=\"aligncenter wp-image-5480 size-large\" src=\"https:\/\/politicosaldesnudo.com.mx\/wp-content\/uploads\/2022\/05\/P-VENEZUELA2-1024x573.png\" alt=\"\" width=\"800\" height=\"448\" \/><\/p>\n<p>&nbsp;<\/p>\n<p class=\"p2\"><span style=\"font-size: 14pt;\">Rodr\u00edguez dijo que Saab, \u00absecuestrado desde hace 704 d\u00edas, es miembro pleno de la delegaci\u00f3n de Venezuela y es nuestro delegado ante la mesa social que estamos discutiendo\u201d.<\/span><\/p>\n<blockquote>\n<p class=\"p2\"><span style=\"font-size: 14pt;\">En ese sentido, Venezuela ha exigido, exige y exigir\u00e1, la participaci\u00f3n de Alex Saab en cualquiera de las iniciativas de trabajo que eventualmente se acuerden\u00bb, indic\u00f3.<\/span><\/p>\n<\/blockquote>\n<p class=\"p2\"><strong><span style=\"font-size: 18pt;\">Esta semana un alto funcionario anunci\u00f3 que Estados Unidos aliviar\u00e1 algunas sanciones contra el pa\u00eds sudamericano. El levantamiento de las sanciones era una de las condiciones del gobierno de Nicol\u00e1s Maduro para el avance del di\u00e1logo con la oposici\u00f3n.<\/span><\/strong><\/p>\n<p>&nbsp;<\/p>\n<p>&nbsp;<\/p>\n<p>&nbsp;<\/p>\n<p>&nbsp;<\/p>\n<p>&nbsp;<\/p>\n","protected":false},"excerpt":{"rendered":"<p>Montevideo.\u00a0Venezuela anunci\u00f3 el inicio de las negociaciones para retomar las mesas de di\u00e1logo en Ciudad de M\u00e9xico, tras un encuentro<\/p>\n","protected":false},"author":4,"featured_media":4458,"comment_status":"closed","ping_status":"closed","sticky":false,"template":"","format":"standard","meta":{"colormag_page_container_layout":"default_layout","colormag_page_sidebar_layout":"default_layout","_jetpack_memberships_contains_paid_content":false,"footnotes":"","jetpack_publicize_message":"","jetpack_publicize_feature_enabled":true,"jetpack_social_post_already_shared":false,"jetpack_social_options":{"image_generator_settings":{"template":"highway","default_image_id":0,"font":"","enabled":false},"version":2}},"categories":[4],"tags":[727,31,385,561],"class_list":["post-4457","post","type-post","status-publish","format-standard","has-post-thumbnail","hentry","category-nacional","tag-jorge-rodriguez","tag-mexico","tag-oposicion","tag-venezuela"],"jetpack_publicize_connections":[],"jetpack_featured_media_url":"https:\/\/noticiasveracruz.com\/wp-content\/uploads\/2022\/05\/P-VENEZUELA4.png","jetpack_sharing_enabled":true,"publishpress_future_action":{"enabled":false,"date":"2026-05-06 22:42:26","action":"change-status","newStatus":"draft","terms":[],"taxonomy":"category","extraData":[]},"publishpress_future_workflow_manual_trigger":{"enabledWorkflows":[]},"_links":{"self":[{"href":"https:\/\/noticiasveracruz.com\/index.php\/wp-json\/wp\/v2\/posts\/4457","targetHints":{"allow":["GET"]}}],"collection":[{"href":"https:\/\/noticiasveracruz.com\/index.php\/wp-json\/wp\/v2\/posts"}],"about":[{"href":"https:\/\/noticiasveracruz.com\/index.php\/wp-json\/wp\/v2\/types\/post"}],"author":[{"embeddable":true,"href":"https:\/\/noticiasveracruz.com\/index.php\/wp-json\/wp\/v2\/users\/4"}],"replies":[{"embeddable":true,"href":"https:\/\/noticiasveracruz.com\/index.php\/wp-json\/wp\/v2\/comments?post=4457"}],"version-history":[{"count":0,"href":"https:\/\/noticiasveracruz.com\/index.php\/wp-json\/wp\/v2\/posts\/4457\/revisions"}],"wp:featuredmedia":[{"embeddable":true,"href":"https:\/\/noticiasveracruz.com\/index.php\/wp-json\/wp\/v2\/media\/4458"}],"wp:attachment":[{"href":"https:\/\/noticiasveracruz.com\/index.php\/wp-json\/wp\/v2\/media?parent=4457"}],"wp:term":[{"taxonomy":"category","embeddable":true,"href":"https:\/\/noticiasveracruz.com\/index.php\/wp-json\/wp\/v2\/categories?post=4457"},{"taxonomy":"post_tag","embeddable":true,"href":"https:\/\/noticiasveracruz.com\/index.php\/wp-json\/wp\/v2\/tags?post=4457"}],"curies":[{"name":"wp","href":"https:\/\/api.w.org\/{rel}","templated":true}]}}