{"id":44567,"date":"2024-11-23T00:06:45","date_gmt":"2024-11-23T06:06:45","guid":{"rendered":"https:\/\/noticiasveracruz.com\/?p=44567"},"modified":"2024-11-22T18:39:04","modified_gmt":"2024-11-23T00:39:04","slug":"mueren-casi-100-personas-en-bombardeos-israelies-en-siria","status":"publish","type":"post","link":"https:\/\/noticiasveracruz.com\/index.php\/2024\/11\/23\/mueren-casi-100-personas-en-bombardeos-israelies-en-siria\/","title":{"rendered":"Mueren casi 100 personas en bombardeos israel\u00edes en Siria"},"content":{"rendered":"<p><span style=\"font-size: 14pt;\">El balance de los\u00a0bombardeos israel\u00edes\u00a0el mi\u00e9rcoles contra grupos proiran\u00edes en la ciudad de Palmira, en el centro de Siria, subi\u00f3 a 92 muertos, seg\u00fan nuevas cifras presentadas el viernes por una oeneg\u00e9.<\/span><\/p>\n<p><span style=\"font-size: 14pt;\">El balance es de 92 muertos, inform\u00f3 el Observatorio Sirio para los Derechos Humanos (OSDH), con sede en el Reino Unido pero que dispone de una amplia red de fuentes en\u00a0Siria.<\/span><\/p>\n<p><span style=\"font-size: 14pt;\">Entre las v\u00edctimas figuran \u00ab61 combatientes sirios proiran\u00edes\u00bb, incluido 11 que trabajaban para el movimiento liban\u00e9s Hezbol\u00e1, \u00ab27 extranjeros, la mayor\u00eda del grupo Al Nujaba, y cuatro de Hezbol\u00e1\u00bb, precis\u00f3 el organismo.<\/span><\/p>\n","protected":false},"excerpt":{"rendered":"<p>El balance de los\u00a0bombardeos israel\u00edes\u00a0el mi\u00e9rcoles contra grupos proiran\u00edes en la ciudad de Palmira, en el centro de Siria, subi\u00f3 a 92 muertos, seg\u00fan nuevas cifras presentadas el viernes por una oeneg\u00e9. El balance es de 92 muertos, inform\u00f3 el Observatorio Sirio para los Derechos Humanos (OSDH), con sede en el Reino Unido pero que [&hellip;]<\/p>\n","protected":false},"author":4,"featured_media":44568,"comment_status":"closed","ping_status":"closed","sticky":false,"template":"","format":"standard","meta":{"_jetpack_newsletter_access":"","_jetpack_dont_email_post_to_subs":false,"_jetpack_newsletter_tier_id":0,"_jetpack_memberships_contains_paywalled_content":false,"_jetpack_feature_clip_id":0,"_jetpack_memberships_contains_paid_content":false,"footnotes":"","jetpack_publicize_message":"","jetpack_publicize_feature_enabled":true,"jetpack_social_post_already_shared":true,"jetpack_social_options":{"image_generator_settings":{"template":"highway","default_image_id":0,"font":"","enabled":false},"version":2},"jetpack_post_was_ever_published":false},"categories":[355],"tags":[],"class_list":["post-44567","post","type-post","status-publish","format-standard","has-post-thumbnail","hentry","category-internacional"],"jetpack_publicize_connections":[],"jetpack_sharing_enabled":true,"publishpress_future_action":{"enabled":false,"date":"2026-09-07 10:56:13","action":"change-status","newStatus":"draft","terms":[],"taxonomy":"category","extraData":[]},"publishpress_future_workflow_manual_trigger":{"enabledWorkflows":[]},"jetpack_featured_media_url":"https:\/\/noticiasveracruz.com\/wp-content\/uploads\/2024\/11\/Bombardeos-Siria.jpg","_links":{"self":[{"href":"https:\/\/noticiasveracruz.com\/index.php\/wp-json\/wp\/v2\/posts\/44567","targetHints":{"allow":["GET"]}}],"collection":[{"href":"https:\/\/noticiasveracruz.com\/index.php\/wp-json\/wp\/v2\/posts"}],"about":[{"href":"https:\/\/noticiasveracruz.com\/index.php\/wp-json\/wp\/v2\/types\/post"}],"author":[{"embeddable":true,"href":"https:\/\/noticiasveracruz.com\/index.php\/wp-json\/wp\/v2\/users\/4"}],"replies":[{"embeddable":true,"href":"https:\/\/noticiasveracruz.com\/index.php\/wp-json\/wp\/v2\/comments?post=44567"}],"version-history":[{"count":0,"href":"https:\/\/noticiasveracruz.com\/index.php\/wp-json\/wp\/v2\/posts\/44567\/revisions"}],"wp:featuredmedia":[{"embeddable":true,"href":"https:\/\/noticiasveracruz.com\/index.php\/wp-json\/wp\/v2\/media\/44568"}],"wp:attachment":[{"href":"https:\/\/noticiasveracruz.com\/index.php\/wp-json\/wp\/v2\/media?parent=44567"}],"wp:term":[{"taxonomy":"category","embeddable":true,"href":"https:\/\/noticiasveracruz.com\/index.php\/wp-json\/wp\/v2\/categories?post=44567"},{"taxonomy":"post_tag","embeddable":true,"href":"https:\/\/noticiasveracruz.com\/index.php\/wp-json\/wp\/v2\/tags?post=44567"}],"curies":[{"name":"wp","href":"https:\/\/api.w.org\/{rel}","templated":true}]}}