{"id":44555,"date":"2024-11-23T00:02:16","date_gmt":"2024-11-23T06:02:16","guid":{"rendered":"https:\/\/noticiasveracruz.com\/?p=44555"},"modified":"2024-11-22T18:31:32","modified_gmt":"2024-11-23T00:31:32","slug":"atiende-dif-a-familia-afectada-por-incendio","status":"publish","type":"post","link":"https:\/\/noticiasveracruz.com\/index.php\/2024\/11\/23\/atiende-dif-a-familia-afectada-por-incendio\/","title":{"rendered":"Atiende DIF a familia afectada por incendio"},"content":{"rendered":"<p><span style=\"font-size: 14pt;\">La presidenta del Sistema Municipal para el Desarrollo Integral de la Familia (DIF) Tuxpan, Melba L\u00f3pez Guti\u00e9rrez, visit\u00f3 a una familia\u00a0 en la colonia El Retiro para atender sus necesidades despu\u00e9s de sufrir un incendio en su hogar.<\/span><\/p>\n<p><span style=\"font-size: 14pt;\">Tras la solicitud de apoyo por parte de los afectados, la titular del DIF local les entreg\u00f3 alimentos y cobijas, al igual se les brind\u00f3 atenci\u00f3n m\u00e9dica al presentar quemaduras de primer grado en varias partes de sus cuerpos.<\/span><\/p>\n<p><span style=\"font-size: 14pt;\">En un gesto de solidaridad y compromiso, personal de las coordinaciones de salud, trabajo social y psicolog\u00eda est\u00e1n pendientes de este caso con curaciones, medicamentos y consultas, tal y como lo instruy\u00f3 la presidenta del DIF Municipal.<\/span><\/p>\n<p><span style=\"font-size: 14pt;\">\u201cEn el Gobierno y en el DIF Tuxpan brindamos apoyos a quienes m\u00e1s lo necesitan en momentos como este, ya les dimos la primera atenci\u00f3n, pero seguiremos muy pendientes en el proceso m\u00e9dico para sanar sus heridas\u201d, destaco L\u00f3pez Guti\u00e9rrez.<\/span><\/p>\n<p><span style=\"font-size: 14pt;\">En el siniestro resultaron con quemaduras un menor de edad y dos adultos mayores, a quienes se les est\u00e1n brindado curaciones diariamente y medicamentos, adem\u00e1s, un perro, mascota de la familia a quien tambi\u00e9n se le dio atenci\u00f3n veterinaria para su recuperaci\u00f3n.<\/span><\/p>\n","protected":false},"excerpt":{"rendered":"<p>La presidenta del Sistema Municipal para el Desarrollo Integral de la Familia (DIF) Tuxpan, Melba L\u00f3pez Guti\u00e9rrez, visit\u00f3 a una<\/p>\n","protected":false},"author":4,"featured_media":44556,"comment_status":"closed","ping_status":"closed","sticky":false,"template":"","format":"standard","meta":{"colormag_page_container_layout":"default_layout","colormag_page_sidebar_layout":"default_layout","_jetpack_memberships_contains_paid_content":false,"footnotes":"","jetpack_publicize_message":"","jetpack_publicize_feature_enabled":true,"jetpack_social_post_already_shared":true,"jetpack_social_options":{"image_generator_settings":{"template":"highway","default_image_id":0,"font":"","enabled":false},"version":2}},"categories":[356],"tags":[],"class_list":["post-44555","post","type-post","status-publish","format-standard","has-post-thumbnail","hentry","category-veracruz"],"jetpack_publicize_connections":[],"jetpack_featured_media_url":"https:\/\/noticiasveracruz.com\/wp-content\/uploads\/2024\/11\/3b.jpg","jetpack_sharing_enabled":true,"publishpress_future_action":{"enabled":false,"date":"2026-05-08 13:46:45","action":"change-status","newStatus":"draft","terms":[],"taxonomy":"category","extraData":[]},"publishpress_future_workflow_manual_trigger":{"enabledWorkflows":[]},"_links":{"self":[{"href":"https:\/\/noticiasveracruz.com\/index.php\/wp-json\/wp\/v2\/posts\/44555","targetHints":{"allow":["GET"]}}],"collection":[{"href":"https:\/\/noticiasveracruz.com\/index.php\/wp-json\/wp\/v2\/posts"}],"about":[{"href":"https:\/\/noticiasveracruz.com\/index.php\/wp-json\/wp\/v2\/types\/post"}],"author":[{"embeddable":true,"href":"https:\/\/noticiasveracruz.com\/index.php\/wp-json\/wp\/v2\/users\/4"}],"replies":[{"embeddable":true,"href":"https:\/\/noticiasveracruz.com\/index.php\/wp-json\/wp\/v2\/comments?post=44555"}],"version-history":[{"count":0,"href":"https:\/\/noticiasveracruz.com\/index.php\/wp-json\/wp\/v2\/posts\/44555\/revisions"}],"wp:featuredmedia":[{"embeddable":true,"href":"https:\/\/noticiasveracruz.com\/index.php\/wp-json\/wp\/v2\/media\/44556"}],"wp:attachment":[{"href":"https:\/\/noticiasveracruz.com\/index.php\/wp-json\/wp\/v2\/media?parent=44555"}],"wp:term":[{"taxonomy":"category","embeddable":true,"href":"https:\/\/noticiasveracruz.com\/index.php\/wp-json\/wp\/v2\/categories?post=44555"},{"taxonomy":"post_tag","embeddable":true,"href":"https:\/\/noticiasveracruz.com\/index.php\/wp-json\/wp\/v2\/tags?post=44555"}],"curies":[{"name":"wp","href":"https:\/\/api.w.org\/{rel}","templated":true}]}}