{"id":4454,"date":"2022-05-18T17:31:18","date_gmt":"2022-05-18T22:31:18","guid":{"rendered":"https:\/\/noticiasveracruz.com\/?p=4454"},"modified":"2022-05-18T17:31:18","modified_gmt":"2022-05-18T22:31:18","slug":"publica-dof-reforma-ley-del-servicio-militar-reducen-edad-de-obligaciones","status":"publish","type":"post","link":"https:\/\/noticiasveracruz.com\/index.php\/2022\/05\/18\/publica-dof-reforma-ley-del-servicio-militar-reducen-edad-de-obligaciones\/","title":{"rendered":"Publica DOF: Reforma Ley del Servicio Militar, reducen edad de obligaciones"},"content":{"rendered":"<p class=\"p1\"><span style=\"font-size: 14pt;\"><em><strong>Ciudad de M\u00e9xico.<\/strong><\/em> Se publica en el <strong>Diario Oficial de la Federaci\u00f3n<\/strong> (DOF) el <strong>decreto que reforma la\u00a0Ley del Servicio Militar<\/strong>,\u00a0la reduce de la edad de 45 a 40 a\u00f1os para el servicio militar.<\/span><\/p>\n<p class=\"p1\"><strong><span style=\"font-size: 14pt;\">Adem\u00e1s elimina la posibilidad de admitir a menores de 18 a\u00f1os\u00a0y mayores de 16 a\u00f1os en las unidades de transmisiones para su preparaci\u00f3n como t\u00e9cnicos.<\/span><\/strong><\/p>\n<blockquote>\n<p class=\"p1\"><span style=\"font-size: 14pt;\">El decreto, que entrar\u00e1 en vigor este jueves 19 de mayo de 2022, reforma el art\u00edculo 4\u00b0; y deroga el p\u00e1rrafo quinto del art\u00edculo 5\u00b0, el art\u00edculo 6\u00b0; el p\u00e1rrafo segundo de la fracci\u00f3n II y la fracci\u00f3n III del art\u00edculo 24 de la Ley del Servicio Militar\u201d, se lee en un comunicado de la C\u00e1mara de Diputados.<\/span><\/p>\n<\/blockquote>\n<p class=\"p1\"><span style=\"font-size: 14pt;\">En la reforma de la\u00a0Ley del Servicio Militar\u00a0desaparece la tercera reserva, que contemplaba a ciudadanos de\u00a0entre 40 y 45 a\u00f1os de edad\u00a0en la Guardia Nacional.<\/span><\/p>\n<blockquote class=\"twitter-tweet\" data-width=\"550\" data-dnt=\"true\">\n<p lang=\"es\" dir=\"ltr\">\ud83e\ude96 El <a href=\"https:\/\/twitter.com\/DOF_SEGOB?ref_src=twsrc%5Etfw\">@DOF_SEGOB<\/a> public\u00f3 hoy el decreto que reforma la Ley del Servicio Militar, para reducir, de 45 a 40 a\u00f1os, la edad para la conclusi\u00f3n de las obligaciones militares de los ciudadanos mexicanos y eliminar la posibilidad de admitir menores de 18 a\u00f1os.<a href=\"https:\/\/t.co\/Jq5n1J0WX1\">https:\/\/t.co\/Jq5n1J0WX1<\/a><\/p>\n<p>&mdash; C\u00e1mara de Diputados (@Mx_Diputados) <a href=\"https:\/\/twitter.com\/Mx_Diputados\/status\/1527021203596124162?ref_src=twsrc%5Etfw\">May 18, 2022<\/a><\/p><\/blockquote>\n<p><script async src=\"https:\/\/platform.twitter.com\/widgets.js\" charset=\"utf-8\"><\/script><\/p>\n<p>&nbsp;<\/p>\n<p class=\"p1\"><span style=\"font-size: 18pt;\"><strong>Cabe destacar que en caso de guerra internacional,\u00a0los mexicanos de m\u00e1s de 45 a\u00f1os de edad\u00a0ya no podr\u00e1n ser llamados a servir en la Guardia Nacional.<\/strong><\/span><\/p>\n<blockquote>\n<p class=\"p1\"><span style=\"font-size: 14pt;\">Las reformas armonizan el ordenamiento en materia militar con el texto constitucional, as\u00ed como con la Convenci\u00f3n sobre los Derechos del Ni\u00f1o, la cual establece la prohibici\u00f3n del reclutamiento de menores de edad\u201d, inform\u00f3 la Sedena.<\/span><\/p>\n<\/blockquote>\n<p class=\"p1\"><strong><span style=\"font-size: 18pt;\">Recordemos que el decreto se aprob\u00f3 el pasado 2 de marzo por la LXIV Legislatura de la C\u00e1mara de Diputados y\u00a0remitida al Senado de la Rep\u00fablica para su aplicaci\u00f3n constitucional.<\/span><\/strong><\/p>\n<p>&nbsp;<\/p>\n<p><img loading=\"lazy\" decoding=\"async\" class=\"aligncenter wp-image-5475 size-large\" src=\"https:\/\/politicosaldesnudo.com.mx\/wp-content\/uploads\/2022\/05\/05-05-2022-160-ANIVERSARIO-DE-LA-BATALLA-DE-PUEBLA-FOTO-010-1024x576.jpeg\" alt=\"\" width=\"800\" height=\"450\" \/><\/p>\n<p>&nbsp;<\/p>\n<p>&nbsp;<\/p>\n<p>&nbsp;<\/p>\n<p>&nbsp;<\/p>\n","protected":false},"excerpt":{"rendered":"<p>Ciudad de M\u00e9xico. Se publica en el Diario Oficial de la Federaci\u00f3n (DOF) el decreto que reforma la\u00a0Ley del Servicio<\/p>\n","protected":false},"author":4,"featured_media":4455,"comment_status":"closed","ping_status":"closed","sticky":false,"template":"","format":"standard","meta":{"colormag_page_container_layout":"default_layout","colormag_page_sidebar_layout":"default_layout","_jetpack_memberships_contains_paid_content":false,"footnotes":"","jetpack_publicize_message":"","jetpack_publicize_feature_enabled":true,"jetpack_social_post_already_shared":false,"jetpack_social_options":{"image_generator_settings":{"template":"highway","default_image_id":0,"font":"","enabled":false},"version":2}},"categories":[4],"tags":[31,726],"class_list":["post-4454","post","type-post","status-publish","format-standard","has-post-thumbnail","hentry","category-nacional","tag-mexico","tag-servicio-militar"],"jetpack_publicize_connections":[],"jetpack_featured_media_url":"https:\/\/noticiasveracruz.com\/wp-content\/uploads\/2022\/05\/P-SERVICIOMILITAR.png","jetpack_sharing_enabled":true,"publishpress_future_action":{"enabled":false,"date":"2026-05-06 21:59:20","action":"change-status","newStatus":"draft","terms":[],"taxonomy":"category","extraData":[]},"publishpress_future_workflow_manual_trigger":{"enabledWorkflows":[]},"_links":{"self":[{"href":"https:\/\/noticiasveracruz.com\/index.php\/wp-json\/wp\/v2\/posts\/4454","targetHints":{"allow":["GET"]}}],"collection":[{"href":"https:\/\/noticiasveracruz.com\/index.php\/wp-json\/wp\/v2\/posts"}],"about":[{"href":"https:\/\/noticiasveracruz.com\/index.php\/wp-json\/wp\/v2\/types\/post"}],"author":[{"embeddable":true,"href":"https:\/\/noticiasveracruz.com\/index.php\/wp-json\/wp\/v2\/users\/4"}],"replies":[{"embeddable":true,"href":"https:\/\/noticiasveracruz.com\/index.php\/wp-json\/wp\/v2\/comments?post=4454"}],"version-history":[{"count":0,"href":"https:\/\/noticiasveracruz.com\/index.php\/wp-json\/wp\/v2\/posts\/4454\/revisions"}],"wp:featuredmedia":[{"embeddable":true,"href":"https:\/\/noticiasveracruz.com\/index.php\/wp-json\/wp\/v2\/media\/4455"}],"wp:attachment":[{"href":"https:\/\/noticiasveracruz.com\/index.php\/wp-json\/wp\/v2\/media?parent=4454"}],"wp:term":[{"taxonomy":"category","embeddable":true,"href":"https:\/\/noticiasveracruz.com\/index.php\/wp-json\/wp\/v2\/categories?post=4454"},{"taxonomy":"post_tag","embeddable":true,"href":"https:\/\/noticiasveracruz.com\/index.php\/wp-json\/wp\/v2\/tags?post=4454"}],"curies":[{"name":"wp","href":"https:\/\/api.w.org\/{rel}","templated":true}]}}